{"id":278766,"date":"2024-04-13T15:21:55","date_gmt":"2024-04-13T13:21:55","guid":{"rendered":"https:\/\/www.evearly.news\/fr\/leasing-social-une-nouvelle-loi-autorise-la-remise-en-circulation-de-vehicules-destines-a-la-casse\/"},"modified":"2024-04-13T15:21:55","modified_gmt":"2024-04-13T13:21:55","slug":"leasing-social-une-nouvelle-loi-autorise-la-remise-en-circulation-de-vehicules-destines-a-la-casse","status":"publish","type":"post","link":"https:\/\/www.evearly.news\/fr\/leasing-social-une-nouvelle-loi-autorise-la-remise-en-circulation-de-vehicules-destines-a-la-casse\/","title":{"rendered":"Leasing social : une nouvelle loi autorise la remise en circulation de v\u00e9hicules destin\u00e9s \u00e0 la casse"},"content":{"rendered":"<p><img loading=\"lazy\" decoding=\"async\" width=\"500\" height=\"333\" src=\"https:\/\/www.evearly.news\/fr\/wp-content\/uploads\/sites\/6\/2024\/04\/leasing-social-une-nouvelle-loi-autorise-la-remise-en-circulation-de-vehicules-destines-a-la-casse.jpg\" class=\"attachment-1200x800 size-1200x800 wp-post-image\" alt=\"\" srcset=\"https:\/\/www.evearly.news\/fr\/wp-content\/uploads\/sites\/6\/2024\/04\/leasing-social-une-nouvelle-loi-autorise-la-remise-en-circulation-de-vehicules-destines-a-la-casse.jpg 1680w, https:\/\/www.evearly.news\/fr\/wp-content\/uploads\/sites\/6\/2024\/04\/leasing-social-une-nouvelle-loi-autorise-la-remise-en-circulation-de-vehicules-destines-a-la-casse-1.jpg 1640w, https:\/\/www.evearly.news\/fr\/wp-content\/uploads\/sites\/6\/2024\/04\/leasing-social-une-nouvelle-loi-autorise-la-remise-en-circulation-de-vehicules-destines-a-la-casse-2.jpg 1024w, https:\/\/www.evearly.news\/fr\/wp-content\/uploads\/sites\/6\/2024\/04\/leasing-social-une-nouvelle-loi-autorise-la-remise-en-circulation-de-vehicules-destines-a-la-casse-3.jpg 768w, https:\/\/www.evearly.news\/fr\/wp-content\/uploads\/sites\/6\/2024\/04\/leasing-social-une-nouvelle-loi-autorise-la-remise-en-circulation-de-vehicules-destines-a-la-casse-4.jpg 1536w, https:\/\/cdn.automobile-propre.com\/uploads\/2024\/02\/VE-casse-551x413.jpg 551w\" sizes=\"auto, (max-width: 1067px) 100vw, 1067px\" \/><br \/>\nUne nouvelle loi concernant les v\u00e9hicules destin\u00e9s \u00e0 la casse a \u00e9t\u00e9 promulgu\u00e9e le vendredi 5 avril 2024. Elle vise\u2026\u00a0<a href=\"https:\/\/www.automobile-propre.com\/leasing-social-une-nouvelle-loi-autorise-la-remise-en-circulation-de-vehicules-destines-a-la-casse\/\" target='bwindow' rel=\"noopener\">Lire la suite&#8230;<\/a><\/p>\n","protected":false},"excerpt":{"rendered":"<p>&#8230; <a class=\"continue-reading-link\" href=\"https:\/\/www.evearly.news\/fr\/leasing-social-une-nouvelle-loi-autorise-la-remise-en-circulation-de-vehicules-destines-a-la-casse\/\"><\/a><\/p>\n","protected":false},"author":8,"featured_media":278767,"comment_status":"closed","ping_status":"open","sticky":false,"template":"Default","format":"standard","meta":{"footnotes":""},"categories":[8],"tags":[],"class_list":["post-278766","post","type-post","status-publish","format-standard","has-post-thumbnail","hentry","category-automobile-propre"],"_links":{"self":[{"href":"https:\/\/www.evearly.news\/fr\/wp-json\/wp\/v2\/posts\/278766","targetHints":{"allow":["GET"]}}],"collection":[{"href":"https:\/\/www.evearly.news\/fr\/wp-json\/wp\/v2\/posts"}],"about":[{"href":"https:\/\/www.evearly.news\/fr\/wp-json\/wp\/v2\/types\/post"}],"author":[{"embeddable":true,"href":"https:\/\/www.evearly.news\/fr\/wp-json\/wp\/v2\/users\/8"}],"replies":[{"embeddable":true,"href":"https:\/\/www.evearly.news\/fr\/wp-json\/wp\/v2\/comments?post=278766"}],"version-history":[{"count":0,"href":"https:\/\/www.evearly.news\/fr\/wp-json\/wp\/v2\/posts\/278766\/revisions"}],"wp:featuredmedia":[{"embeddable":true,"href":"https:\/\/www.evearly.news\/fr\/wp-json\/wp\/v2\/media\/278767"}],"wp:attachment":[{"href":"https:\/\/www.evearly.news\/fr\/wp-json\/wp\/v2\/media?parent=278766"}],"wp:term":[{"taxonomy":"category","embeddable":true,"href":"https:\/\/www.evearly.news\/fr\/wp-json\/wp\/v2\/categories?post=278766"},{"taxonomy":"post_tag","embeddable":true,"href":"https:\/\/www.evearly.news\/fr\/wp-json\/wp\/v2\/tags?post=278766"}],"curies":[{"name":"wp","href":"https:\/\/api.w.org\/{rel}","templated":true}]}}