{"id":279122,"date":"2024-04-18T16:51:03","date_gmt":"2024-04-18T14:51:03","guid":{"rendered":"https:\/\/www.evearly.news\/fr\/pres-de-rouen-milence-inaugure-sa-premiere-station-de-recharge-pour-camions-electriques-en-france\/"},"modified":"2024-04-18T16:51:03","modified_gmt":"2024-04-18T14:51:03","slug":"pres-de-rouen-milence-inaugure-sa-premiere-station-de-recharge-pour-camions-electriques-en-france","status":"publish","type":"post","link":"https:\/\/www.evearly.news\/fr\/pres-de-rouen-milence-inaugure-sa-premiere-station-de-recharge-pour-camions-electriques-en-france\/","title":{"rendered":"Pr\u00e8s de Rouen, Milence inaugure sa premi\u00e8re station de recharge pour camions \u00e9lectriques en France"},"content":{"rendered":"<p><img loading=\"lazy\" decoding=\"async\" width=\"500\" height=\"333\" src=\"https:\/\/www.evearly.news\/fr\/wp-content\/uploads\/sites\/6\/2024\/04\/pres-de-rouen-milence-inaugure-sa-premiere-station-de-recharge-pour-camions-electriques-en-france.jpg\" class=\"attachment-1200x800 size-1200x800 wp-post-image\" alt=\"\" srcset=\"https:\/\/www.evearly.news\/fr\/wp-content\/uploads\/sites\/6\/2024\/04\/pres-de-rouen-milence-inaugure-sa-premiere-station-de-recharge-pour-camions-electriques-en-france.jpg 1920w, https:\/\/www.evearly.news\/fr\/wp-content\/uploads\/sites\/6\/2024\/04\/pres-de-rouen-milence-inaugure-sa-premiere-station-de-recharge-pour-camions-electriques-en-france-1.jpg 1640w, https:\/\/www.evearly.news\/fr\/wp-content\/uploads\/sites\/6\/2024\/04\/pres-de-rouen-milence-inaugure-sa-premiere-station-de-recharge-pour-camions-electriques-en-france-2.jpg 1024w, https:\/\/www.evearly.news\/fr\/wp-content\/uploads\/sites\/6\/2024\/04\/pres-de-rouen-milence-inaugure-sa-premiere-station-de-recharge-pour-camions-electriques-en-france-3.jpg 768w, https:\/\/www.evearly.news\/fr\/wp-content\/uploads\/sites\/6\/2024\/04\/pres-de-rouen-milence-inaugure-sa-premiere-station-de-recharge-pour-camions-electriques-en-france-4.jpg 1536w, https:\/\/cdn.automobile-propre.com\/uploads\/2024\/04\/milence-france-530x413.jpg 530w\" sizes=\"auto, (max-width: 1026px) 100vw, 1026px\" \/><br \/>\nMilence, une soci\u00e9t\u00e9 n\u00e9erlandaise cr\u00e9\u00e9e sous l\u2019\u00e9gide de Volvo, Daimler Truck et Traton, vient d\u2019inaugurer sa premi\u00e8re station de recharge\u2026\u00a0<a href=\"https:\/\/www.automobile-propre.com\/pres-de-rouen-milence-inaugure-sa-premiere-station-de-recharge-pour-camions-electriques-en-france\/\" target='bwindow' rel=\"noopener\">Lire la suite&#8230;<\/a><\/p>\n","protected":false},"excerpt":{"rendered":"<p>&#8230; <a class=\"continue-reading-link\" href=\"https:\/\/www.evearly.news\/fr\/pres-de-rouen-milence-inaugure-sa-premiere-station-de-recharge-pour-camions-electriques-en-france\/\"><\/a><\/p>\n","protected":false},"author":8,"featured_media":279123,"comment_status":"closed","ping_status":"open","sticky":false,"template":"Default","format":"standard","meta":{"footnotes":""},"categories":[8],"tags":[],"class_list":["post-279122","post","type-post","status-publish","format-standard","has-post-thumbnail","hentry","category-automobile-propre"],"_links":{"self":[{"href":"https:\/\/www.evearly.news\/fr\/wp-json\/wp\/v2\/posts\/279122","targetHints":{"allow":["GET"]}}],"collection":[{"href":"https:\/\/www.evearly.news\/fr\/wp-json\/wp\/v2\/posts"}],"about":[{"href":"https:\/\/www.evearly.news\/fr\/wp-json\/wp\/v2\/types\/post"}],"author":[{"embeddable":true,"href":"https:\/\/www.evearly.news\/fr\/wp-json\/wp\/v2\/users\/8"}],"replies":[{"embeddable":true,"href":"https:\/\/www.evearly.news\/fr\/wp-json\/wp\/v2\/comments?post=279122"}],"version-history":[{"count":0,"href":"https:\/\/www.evearly.news\/fr\/wp-json\/wp\/v2\/posts\/279122\/revisions"}],"wp:featuredmedia":[{"embeddable":true,"href":"https:\/\/www.evearly.news\/fr\/wp-json\/wp\/v2\/media\/279123"}],"wp:attachment":[{"href":"https:\/\/www.evearly.news\/fr\/wp-json\/wp\/v2\/media?parent=279122"}],"wp:term":[{"taxonomy":"category","embeddable":true,"href":"https:\/\/www.evearly.news\/fr\/wp-json\/wp\/v2\/categories?post=279122"},{"taxonomy":"post_tag","embeddable":true,"href":"https:\/\/www.evearly.news\/fr\/wp-json\/wp\/v2\/tags?post=279122"}],"curies":[{"name":"wp","href":"https:\/\/api.w.org\/{rel}","templated":true}]}}