{"id":279130,"date":"2024-04-18T18:51:02","date_gmt":"2024-04-18T16:51:02","guid":{"rendered":"https:\/\/www.evearly.news\/fr\/renault-et-la-semaine-du-son-comment-la-voiture-electrique-change-t-elle-la-perception-du-bruit\/"},"modified":"2024-04-18T18:51:02","modified_gmt":"2024-04-18T16:51:02","slug":"renault-et-la-semaine-du-son-comment-la-voiture-electrique-change-t-elle-la-perception-du-bruit","status":"publish","type":"post","link":"https:\/\/www.evearly.news\/fr\/renault-et-la-semaine-du-son-comment-la-voiture-electrique-change-t-elle-la-perception-du-bruit\/","title":{"rendered":"Renault et la Semaine du Son : comment la voiture \u00e9lectrique change-t-elle la perception du bruit ?"},"content":{"rendered":"<p><img decoding=\"async\" width=\"500\" height=\"333\" src=\"https:\/\/www.evearly.news\/fr\/wp-content\/uploads\/sites\/6\/2024\/04\/renault-et-la-semaine-du-son-comment-la-voiture-electrique-change-t-elle-la-perception-du-bruit.jpg\" class=\"attachment-1200x800 size-1200x800 wp-post-image\" alt=\"Semaine du Son de l'UNESCO avec Renault Group\" loading=\"lazy\" srcset=\"https:\/\/www.evearly.news\/fr\/wp-content\/uploads\/sites\/6\/2024\/04\/renault-et-la-semaine-du-son-comment-la-voiture-electrique-change-t-elle-la-perception-du-bruit.jpg 1500w, https:\/\/www.evearly.news\/fr\/wp-content\/uploads\/sites\/6\/2024\/04\/renault-et-la-semaine-du-son-comment-la-voiture-electrique-change-t-elle-la-perception-du-bruit-1.jpg 1024w, https:\/\/www.evearly.news\/fr\/wp-content\/uploads\/sites\/6\/2024\/04\/renault-et-la-semaine-du-son-comment-la-voiture-electrique-change-t-elle-la-perception-du-bruit-2.jpg 140w, https:\/\/www.evearly.news\/fr\/wp-content\/uploads\/sites\/6\/2024\/04\/renault-et-la-semaine-du-son-comment-la-voiture-electrique-change-t-elle-la-perception-du-bruit-3.jpg 768w, https:\/\/www.evearly.news\/fr\/wp-content\/uploads\/sites\/6\/2024\/04\/renault-et-la-semaine-du-son-comment-la-voiture-electrique-change-t-elle-la-perception-du-bruit-4.jpg 620w, https:\/\/www.evearly.news\/fr\/wp-content\/uploads\/sites\/6\/2024\/04\/renault-et-la-semaine-du-son-comment-la-voiture-electrique-change-t-elle-la-perception-du-bruit-5.jpg 100w, https:\/\/www.evearly.news\/fr\/wp-content\/uploads\/sites\/6\/2024\/04\/renault-et-la-semaine-du-son-comment-la-voiture-electrique-change-t-elle-la-perception-du-bruit-6.jpg 190w, https:\/\/cdn.automobile-propre.com\/uploads\/2024\/04\/Renault-x-Semaine-du-Son-de-lUNESCO-24-600x400.jpg 600w\" sizes=\"auto, (max-width: 1200px) 100vw, 1200px\" \/><br \/>\nUn sujet diff\u00e9rent et qui va au-del\u00e0 du produit automobile, mais non moins int\u00e9ressant ! Cette ann\u00e9e, la Semaine du\u2026\u00a0<a href=\"https:\/\/www.automobile-propre.com\/renault-et-la-semaine-du-son-comment-la-voiture-electrique-change-t-elle-la-perception-du-bruit\/\" target='bwindow' rel=\"noopener\">Lire la suite&#8230;<\/a><\/p>\n","protected":false},"excerpt":{"rendered":"<p>&#8230; <a class=\"continue-reading-link\" href=\"https:\/\/www.evearly.news\/fr\/renault-et-la-semaine-du-son-comment-la-voiture-electrique-change-t-elle-la-perception-du-bruit\/\"><\/a><\/p>\n","protected":false},"author":8,"featured_media":279131,"comment_status":"closed","ping_status":"open","sticky":false,"template":"Default","format":"standard","meta":{"footnotes":""},"categories":[8],"tags":[],"class_list":["post-279130","post","type-post","status-publish","format-standard","has-post-thumbnail","hentry","category-automobile-propre"],"_links":{"self":[{"href":"https:\/\/www.evearly.news\/fr\/wp-json\/wp\/v2\/posts\/279130","targetHints":{"allow":["GET"]}}],"collection":[{"href":"https:\/\/www.evearly.news\/fr\/wp-json\/wp\/v2\/posts"}],"about":[{"href":"https:\/\/www.evearly.news\/fr\/wp-json\/wp\/v2\/types\/post"}],"author":[{"embeddable":true,"href":"https:\/\/www.evearly.news\/fr\/wp-json\/wp\/v2\/users\/8"}],"replies":[{"embeddable":true,"href":"https:\/\/www.evearly.news\/fr\/wp-json\/wp\/v2\/comments?post=279130"}],"version-history":[{"count":0,"href":"https:\/\/www.evearly.news\/fr\/wp-json\/wp\/v2\/posts\/279130\/revisions"}],"wp:featuredmedia":[{"embeddable":true,"href":"https:\/\/www.evearly.news\/fr\/wp-json\/wp\/v2\/media\/279131"}],"wp:attachment":[{"href":"https:\/\/www.evearly.news\/fr\/wp-json\/wp\/v2\/media?parent=279130"}],"wp:term":[{"taxonomy":"category","embeddable":true,"href":"https:\/\/www.evearly.news\/fr\/wp-json\/wp\/v2\/categories?post=279130"},{"taxonomy":"post_tag","embeddable":true,"href":"https:\/\/www.evearly.news\/fr\/wp-json\/wp\/v2\/tags?post=279130"}],"curies":[{"name":"wp","href":"https:\/\/api.w.org\/{rel}","templated":true}]}}