{"id":279391,"date":"2024-04-23T10:53:15","date_gmt":"2024-04-23T08:53:15","guid":{"rendered":"https:\/\/www.evearly.news\/fr\/tesla-contraint-de-baisser-le-prix-de-sa-model-3\/"},"modified":"2024-04-23T10:53:15","modified_gmt":"2024-04-23T08:53:15","slug":"tesla-contraint-de-baisser-le-prix-de-sa-model-3","status":"publish","type":"post","link":"https:\/\/www.evearly.news\/fr\/tesla-contraint-de-baisser-le-prix-de-sa-model-3\/","title":{"rendered":"Tesla contraint de baisser le prix de sa Model 3"},"content":{"rendered":"<p><img decoding=\"async\" src=\"https:\/\/www.evearly.news\/fr\/wp-content\/uploads\/sites\/6\/2024\/04\/tesla-contraint-de-baisser-le-prix-de-sa-model-3.jpg\"\/><br \/>\n\t\t\t\t\tExclue du bonus \u00e9cologique fran\u00e7ais \u00e0 cause de sa fabrication chinoise, la berline \u00e9lectrique de Tesla baisse son prix de vente pour ne pas perdre tous ses clients dans un contexte o\u00f9 la concurrence devient s\u00e9rieuse et que les ventes du constructeur am\u00e9ricain baissent. <a href=\"https:\/\/www.caradisiac.com\/tesla-contraint-de-baisser-le-prix-de-sa-model-3-208413.htm#xtor=RSS-40\" target=\"blank\" rel=\"noopener\">Lire la suite&#8230;<\/a><\/p>\n","protected":false},"excerpt":{"rendered":"<p><img decoding=\"async\" src=\"https:\/\/www.evearly.news\/fr\/wp-content\/uploads\/sites\/6\/2024\/04\/tesla-contraint-de-baisser-le-prix-de-sa-model-3.jpg\" \/><br \/>\n\t\t\t\t\tExclue du bonus \u00e9cologique fran\u00e7ais \u00e0 cause de sa fabrication chinoise, la berline \u00e9lectrique de Tesla baisse son prix de vente pour ne pas perdre tous ses clients dans un contexte o\u00f9 la concurrence devient s\u00e9rieuse et que les ventes du constructeur am\u00e9ricain baissent.<\/p>\n<p> <a class=\"continue-reading-link\" href=\"https:\/\/www.evearly.news\/fr\/tesla-contraint-de-baisser-le-prix-de-sa-model-3\/\"><\/a><\/p>\n","protected":false},"author":11,"featured_media":279392,"comment_status":"closed","ping_status":"open","sticky":false,"template":"Default","format":"standard","meta":{"footnotes":""},"categories":[11],"tags":[],"class_list":["post-279391","post","type-post","status-publish","format-standard","has-post-thumbnail","hentry","category-caradisiac"],"_links":{"self":[{"href":"https:\/\/www.evearly.news\/fr\/wp-json\/wp\/v2\/posts\/279391","targetHints":{"allow":["GET"]}}],"collection":[{"href":"https:\/\/www.evearly.news\/fr\/wp-json\/wp\/v2\/posts"}],"about":[{"href":"https:\/\/www.evearly.news\/fr\/wp-json\/wp\/v2\/types\/post"}],"author":[{"embeddable":true,"href":"https:\/\/www.evearly.news\/fr\/wp-json\/wp\/v2\/users\/11"}],"replies":[{"embeddable":true,"href":"https:\/\/www.evearly.news\/fr\/wp-json\/wp\/v2\/comments?post=279391"}],"version-history":[{"count":0,"href":"https:\/\/www.evearly.news\/fr\/wp-json\/wp\/v2\/posts\/279391\/revisions"}],"wp:featuredmedia":[{"embeddable":true,"href":"https:\/\/www.evearly.news\/fr\/wp-json\/wp\/v2\/media\/279392"}],"wp:attachment":[{"href":"https:\/\/www.evearly.news\/fr\/wp-json\/wp\/v2\/media?parent=279391"}],"wp:term":[{"taxonomy":"category","embeddable":true,"href":"https:\/\/www.evearly.news\/fr\/wp-json\/wp\/v2\/categories?post=279391"},{"taxonomy":"post_tag","embeddable":true,"href":"https:\/\/www.evearly.news\/fr\/wp-json\/wp\/v2\/tags?post=279391"}],"curies":[{"name":"wp","href":"https:\/\/api.w.org\/{rel}","templated":true}]}}