{"id":279395,"date":"2024-04-23T11:01:42","date_gmt":"2024-04-23T09:01:42","guid":{"rendered":"https:\/\/www.evearly.news\/fr\/la-verite-sur-les-ventes-de-voitures-electriques-en-2024-au-dela-des-gros-titres-alarmistes\/"},"modified":"2024-04-23T11:01:42","modified_gmt":"2024-04-23T09:01:42","slug":"la-verite-sur-les-ventes-de-voitures-electriques-en-2024-au-dela-des-gros-titres-alarmistes","status":"publish","type":"post","link":"https:\/\/www.evearly.news\/fr\/la-verite-sur-les-ventes-de-voitures-electriques-en-2024-au-dela-des-gros-titres-alarmistes\/","title":{"rendered":"La v\u00e9rit\u00e9 sur les ventes de voitures \u00e9lectriques en 2024 : au-del\u00e0 des gros titres alarmistes"},"content":{"rendered":"<p><img loading=\"lazy\" width=\"1200\" height=\"846\" src=\"https:\/\/www.evearly.news\/fr\/wp-content\/uploads\/sites\/6\/2024\/04\/la-verite-sur-les-ventes-de-voitures-electriques-en-2024-au-dela-des-gros-titres-alarmistes.jpg\" class=\"attachment-large size-large wp-post-image\" alt=\"\" decoding=\"async\" \/<br \/>Alors que certains m\u00e9dias annoncent une baisse des ventes de voitures \u00e9lectriques en Europe et aux \u00c9tats-Unis, une nouvelle \u00e9tude de l&rsquo;AIE r\u00e9v\u00e8le que la situation est beaucoup plus positive \u00e0 l&rsquo;\u00e9chelle mondiale. <a href=\"https:\/\/www.frandroid.com\/survoltes\/voitures-electriques\/2001420_la-verite-sur-les-ventes-de-voitures-electriques-en-2024-au-dela-des-gros-titres-alarmistes\" target=\"blank\" rel=\"noopener\">Lire la suite&#8230;<\/a><\/p>\n","protected":false},"excerpt":{"rendered":"<p>&lt;img width=&quot;1200&quot; height=&quot;846&quot; src=&quot;https:\/\/www.evearly.news\/fr\/wp-content\/uploads\/sites\/6\/2024\/04\/la-verite-sur-les-ventes-de-voitures-electriques-en-2024-au-dela-des-gros-titres-alarmistes.jpg&quot; class=&quot;attachment-large size-large wp-post-image&quot; alt=&quot;&quot; decoding=&quot;async&quot; \/<br \/>Alors que certains m\u00e9dias annoncent une baisse des ventes de voitures \u00e9lectriques en Europe et aux \u00c9tats-Unis, une nouvelle \u00e9tude de l&rsquo;AIE r\u00e9v\u00e8le que la situation est beaucoup plus positive \u00e0 l&rsquo;\u00e9chelle mondiale.<\/p>\n<p> <a class=\"continue-reading-link\" href=\"https:\/\/www.evearly.news\/fr\/la-verite-sur-les-ventes-de-voitures-electriques-en-2024-au-dela-des-gros-titres-alarmistes\/\"><\/a><\/p>\n","protected":false},"author":6,"featured_media":279396,"comment_status":"closed","ping_status":"open","sticky":false,"template":"Default","format":"standard","meta":{"footnotes":""},"categories":[14],"tags":[],"class_list":["post-279395","post","type-post","status-publish","format-standard","has-post-thumbnail","hentry","category-frandroid"],"_links":{"self":[{"href":"https:\/\/www.evearly.news\/fr\/wp-json\/wp\/v2\/posts\/279395","targetHints":{"allow":["GET"]}}],"collection":[{"href":"https:\/\/www.evearly.news\/fr\/wp-json\/wp\/v2\/posts"}],"about":[{"href":"https:\/\/www.evearly.news\/fr\/wp-json\/wp\/v2\/types\/post"}],"author":[{"embeddable":true,"href":"https:\/\/www.evearly.news\/fr\/wp-json\/wp\/v2\/users\/6"}],"replies":[{"embeddable":true,"href":"https:\/\/www.evearly.news\/fr\/wp-json\/wp\/v2\/comments?post=279395"}],"version-history":[{"count":0,"href":"https:\/\/www.evearly.news\/fr\/wp-json\/wp\/v2\/posts\/279395\/revisions"}],"wp:featuredmedia":[{"embeddable":true,"href":"https:\/\/www.evearly.news\/fr\/wp-json\/wp\/v2\/media\/279396"}],"wp:attachment":[{"href":"https:\/\/www.evearly.news\/fr\/wp-json\/wp\/v2\/media?parent=279395"}],"wp:term":[{"taxonomy":"category","embeddable":true,"href":"https:\/\/www.evearly.news\/fr\/wp-json\/wp\/v2\/categories?post=279395"},{"taxonomy":"post_tag","embeddable":true,"href":"https:\/\/www.evearly.news\/fr\/wp-json\/wp\/v2\/tags?post=279395"}],"curies":[{"name":"wp","href":"https:\/\/api.w.org\/{rel}","templated":true}]}}