{"id":279403,"date":"2024-04-23T11:51:52","date_gmt":"2024-04-23T09:51:52","guid":{"rendered":"https:\/\/www.evearly.news\/fr\/voici-une-nouvelle-preuve-que-le-recyclage-des-batteries-de-voitures-electriques-est-possible\/"},"modified":"2024-04-23T11:51:52","modified_gmt":"2024-04-23T09:51:52","slug":"voici-une-nouvelle-preuve-que-le-recyclage-des-batteries-de-voitures-electriques-est-possible","status":"publish","type":"post","link":"https:\/\/www.evearly.news\/fr\/voici-une-nouvelle-preuve-que-le-recyclage-des-batteries-de-voitures-electriques-est-possible\/","title":{"rendered":"Voici une nouvelle preuve que le recyclage des batteries de voitures \u00e9lectriques est possible"},"content":{"rendered":"<p><img width=\"1200\" height=\"800\" src=\"https:\/\/www.evearly.news\/fr\/wp-content\/uploads\/sites\/6\/2024\/04\/voici-une-nouvelle-preuve-que-le-recyclage-des-batteries-de-voitures-electriques-est-possible.jpg\" class=\"attachment-large size-large wp-post-image\" alt=\"\" decoding=\"async\" loading=\"lazy\" \/<br \/>Volvo annonce s\u2019associer au g\u00e9ant chinois de la batterie CATL pour d\u00e9velopper le recyclage des batteries des voitures \u00e9lectriques hors d\u2019usage. Ce dernier sera notamment charg\u00e9 de d\u00e9manteler les accumulateurs pour r\u00e9cup\u00e9rer certains mat\u00e9riaux afin d\u2019en fabriquer de nouveaux.  <a href=\"https:\/\/www.frandroid.com\/marques\/volvo\/2001488_voici-une-nouvelle-preuve-que-le-recyclage-des-batteries-de-voitures-electriques-est-possible\" target=\"blank\" rel=\"noopener\">Lire la suite&#8230;<\/a><\/p>\n","protected":false},"excerpt":{"rendered":"<p>&lt;img width=&quot;1200&quot; height=&quot;800&quot; src=&quot;https:\/\/www.evearly.news\/fr\/wp-content\/uploads\/sites\/6\/2024\/04\/voici-une-nouvelle-preuve-que-le-recyclage-des-batteries-de-voitures-electriques-est-possible.jpg&quot; class=&quot;attachment-large size-large wp-post-image&quot; alt=&quot;&quot; decoding=&quot;async&quot; loading=&quot;lazy&quot; \/<br \/>Volvo annonce s\u2019associer au g\u00e9ant chinois de la batterie CATL pour d\u00e9velopper le recyclage des batteries des voitures \u00e9lectriques hors d\u2019usage. Ce dernier sera notamment charg\u00e9 de d\u00e9manteler les accumulateurs pour r\u00e9cup\u00e9rer certains mat\u00e9riaux afin d\u2019en fabriquer de nouveaux. <\/p>\n<p> <a class=\"continue-reading-link\" href=\"https:\/\/www.evearly.news\/fr\/voici-une-nouvelle-preuve-que-le-recyclage-des-batteries-de-voitures-electriques-est-possible\/\"><\/a><\/p>\n","protected":false},"author":6,"featured_media":279404,"comment_status":"closed","ping_status":"open","sticky":false,"template":"Default","format":"standard","meta":{"footnotes":""},"categories":[14],"tags":[],"class_list":["post-279403","post","type-post","status-publish","format-standard","has-post-thumbnail","hentry","category-frandroid"],"_links":{"self":[{"href":"https:\/\/www.evearly.news\/fr\/wp-json\/wp\/v2\/posts\/279403","targetHints":{"allow":["GET"]}}],"collection":[{"href":"https:\/\/www.evearly.news\/fr\/wp-json\/wp\/v2\/posts"}],"about":[{"href":"https:\/\/www.evearly.news\/fr\/wp-json\/wp\/v2\/types\/post"}],"author":[{"embeddable":true,"href":"https:\/\/www.evearly.news\/fr\/wp-json\/wp\/v2\/users\/6"}],"replies":[{"embeddable":true,"href":"https:\/\/www.evearly.news\/fr\/wp-json\/wp\/v2\/comments?post=279403"}],"version-history":[{"count":0,"href":"https:\/\/www.evearly.news\/fr\/wp-json\/wp\/v2\/posts\/279403\/revisions"}],"wp:featuredmedia":[{"embeddable":true,"href":"https:\/\/www.evearly.news\/fr\/wp-json\/wp\/v2\/media\/279404"}],"wp:attachment":[{"href":"https:\/\/www.evearly.news\/fr\/wp-json\/wp\/v2\/media?parent=279403"}],"wp:term":[{"taxonomy":"category","embeddable":true,"href":"https:\/\/www.evearly.news\/fr\/wp-json\/wp\/v2\/categories?post=279403"},{"taxonomy":"post_tag","embeddable":true,"href":"https:\/\/www.evearly.news\/fr\/wp-json\/wp\/v2\/tags?post=279403"}],"curies":[{"name":"wp","href":"https:\/\/api.w.org\/{rel}","templated":true}]}}