{"id":279413,"date":"2024-04-23T13:22:52","date_gmt":"2024-04-23T11:22:52","guid":{"rendered":"https:\/\/www.evearly.news\/fr\/fin-du-thermique-et-si-la-cour-europeenne-se-trompait\/"},"modified":"2024-04-23T13:22:52","modified_gmt":"2024-04-23T11:22:52","slug":"fin-du-thermique-et-si-la-cour-europeenne-se-trompait","status":"publish","type":"post","link":"https:\/\/www.evearly.news\/fr\/fin-du-thermique-et-si-la-cour-europeenne-se-trompait\/","title":{"rendered":"Fin du thermique\u00a0: et si la Cour europ\u00e9enne se trompait\u00a0?"},"content":{"rendered":"<p><img decoding=\"async\" src=\"https:\/\/www.evearly.news\/fr\/wp-content\/uploads\/sites\/6\/2024\/04\/fin-du-thermique-et-si-la-cour-europeenne-se-trompait.jpg\"\/><br \/>\n\t\t\t\t\tSelon un rapport de la Cour europ\u00e9enne des comptes, l&rsquo;Union, et les constructeurs automobiles risquent de ne pas \u00eatre pr\u00eats pour l\u00a0\u00bb\u00e9ch\u00e9ance \u00e9lectrique de 2035. Sauf que les sages de Bruxelles s&rsquo;appuient sur de curieuses affirmations pour \u00e9tablir leur diagnostic. D\u00e9cryptage. <a href=\"https:\/\/www.caradisiac.com\/fin-du-thermique-et-si-la-cour-europeenne-se-trompait-208420.htm#xtor=RSS-40\" target=\"blank\" rel=\"noopener\">Lire la suite&#8230;<\/a><\/p>\n","protected":false},"excerpt":{"rendered":"<p><img decoding=\"async\" src=\"https:\/\/www.evearly.news\/fr\/wp-content\/uploads\/sites\/6\/2024\/04\/fin-du-thermique-et-si-la-cour-europeenne-se-trompait.jpg\" \/><br \/>\n\t\t\t\t\tSelon un rapport de la Cour europ\u00e9enne des comptes, l&rsquo;Union, et les constructeurs automobiles risquent de ne pas \u00eatre pr\u00eats pour l\u00a0\u00bb\u00e9ch\u00e9ance \u00e9lectrique de 2035. Sauf que les sages de Bruxelles s&rsquo;appuient sur de curieuses affirmations pour \u00e9tablir leur diagnostic. D\u00e9cryptage.<\/p>\n<p> <a class=\"continue-reading-link\" href=\"https:\/\/www.evearly.news\/fr\/fin-du-thermique-et-si-la-cour-europeenne-se-trompait\/\"><\/a><\/p>\n","protected":false},"author":11,"featured_media":279414,"comment_status":"closed","ping_status":"open","sticky":false,"template":"Default","format":"standard","meta":{"footnotes":""},"categories":[11],"tags":[],"class_list":["post-279413","post","type-post","status-publish","format-standard","has-post-thumbnail","hentry","category-caradisiac"],"_links":{"self":[{"href":"https:\/\/www.evearly.news\/fr\/wp-json\/wp\/v2\/posts\/279413","targetHints":{"allow":["GET"]}}],"collection":[{"href":"https:\/\/www.evearly.news\/fr\/wp-json\/wp\/v2\/posts"}],"about":[{"href":"https:\/\/www.evearly.news\/fr\/wp-json\/wp\/v2\/types\/post"}],"author":[{"embeddable":true,"href":"https:\/\/www.evearly.news\/fr\/wp-json\/wp\/v2\/users\/11"}],"replies":[{"embeddable":true,"href":"https:\/\/www.evearly.news\/fr\/wp-json\/wp\/v2\/comments?post=279413"}],"version-history":[{"count":0,"href":"https:\/\/www.evearly.news\/fr\/wp-json\/wp\/v2\/posts\/279413\/revisions"}],"wp:featuredmedia":[{"embeddable":true,"href":"https:\/\/www.evearly.news\/fr\/wp-json\/wp\/v2\/media\/279414"}],"wp:attachment":[{"href":"https:\/\/www.evearly.news\/fr\/wp-json\/wp\/v2\/media?parent=279413"}],"wp:term":[{"taxonomy":"category","embeddable":true,"href":"https:\/\/www.evearly.news\/fr\/wp-json\/wp\/v2\/categories?post=279413"},{"taxonomy":"post_tag","embeddable":true,"href":"https:\/\/www.evearly.news\/fr\/wp-json\/wp\/v2\/tags?post=279413"}],"curies":[{"name":"wp","href":"https:\/\/api.w.org\/{rel}","templated":true}]}}