{"id":279415,"date":"2024-04-23T14:20:03","date_gmt":"2024-04-23T12:20:03","guid":{"rendered":"https:\/\/www.evearly.news\/fr\/france-2030-lancement-de-lappel-a-projets-industrie-du-velo\/"},"modified":"2024-04-23T14:20:03","modified_gmt":"2024-04-23T12:20:03","slug":"france-2030-lancement-de-lappel-a-projets-industrie-du-velo","status":"publish","type":"post","link":"https:\/\/www.evearly.news\/fr\/france-2030-lancement-de-lappel-a-projets-industrie-du-velo\/","title":{"rendered":"FRANCE 2030 : LANCEMENT DE L\u2019APPEL \u00c0 PROJETS \u00ab INDUSTRIE DU VELO \u00bb"},"content":{"rendered":"<p><img width=\"1000\" height=\"563\" src=\"https:\/\/www.evearly.news\/fr\/wp-content\/uploads\/sites\/6\/2024\/04\/france-2030-lancement-de-lappel-a-projets-industrie-du-velo.jpg\" class=\"attachment-post-thumbnail size-post-thumbnail wp-post-image\" alt=\"France 2030 : lancement de l'appel \u00e0 projets \"Industrie du v\u00e9lo\"\" decoding=\"async\" fetchpriority=\"high\" srcset=\"https:\/\/www.evearly.news\/fr\/wp-content\/uploads\/sites\/6\/2024\/04\/france-2030-lancement-de-lappel-a-projets-industrie-du-velo.jpg 1000w, https:\/\/www.evearly.news\/fr\/wp-content\/uploads\/sites\/6\/2024\/04\/france-2030-lancement-de-lappel-a-projets-industrie-du-velo-1.jpg 300w, https:\/\/www.evearly.news\/fr\/wp-content\/uploads\/sites\/6\/2024\/04\/france-2030-lancement-de-lappel-a-projets-industrie-du-velo-2.jpg 998w, https:\/\/www.avem.fr\/wp-content\/uploads\/2024\/04\/Image-article-1000x563-2-768x432.jpg 768w\" sizes=\"(max-width: 1000px) 100vw, 1000px\" \/>Christophe B\u00e9chu, ministre de la Transition \u00e9cologique et de la Coh\u00e9sion des territoires, Roland Lescure, ministre d\u00e9l\u00e9gu\u00e9 charg\u00e9 de l\u2019Industrie et de l\u2019\u00c9nergie, Patrice Vergriete, ministre charg\u00e9 des Transports, avec Bruno Bonnell, secr\u00e9taire g\u00e9n\u00e9ral pour l\u2019investissement, en charge de France 2030, annoncent le lancement de l\u2019appel \u00e0 projets \u00ab Industrie [\u2026] <a href=\"https:\/\/www.avem.fr\/2024\/04\/23\/france-2030-lancement-de-lappel-a-projets-industrie-du-velo\/\" target=\"blank\" rel=\"noopener\">Lire la suite&#8230;<\/a><\/p>\n","protected":false},"excerpt":{"rendered":"<p><img loading=\"lazy\" decoding=\"async\" width=\"1000\" height=\"563\" src=\"https:\/\/www.evearly.news\/fr\/wp-content\/uploads\/sites\/6\/2024\/04\/france-2030-lancement-de-lappel-a-projets-industrie-du-velo.jpg\" class=\"attachment-post-thumbnail size-post-thumbnail wp-post-image\" \/>Christophe B\u00e9chu, ministre de la Transition \u00e9cologique et de la Coh\u00e9sion des territoires, Roland Lescure, ministre d\u00e9l\u00e9gu\u00e9 charg\u00e9 de l\u2019Industrie et de l\u2019\u00c9nergie, Patrice Vergriete, ministre charg\u00e9 des Transports, avec Bruno Bonnell, secr\u00e9taire g\u00e9n\u00e9ral pour l\u2019investissement, en charge de France 2030, annoncent le lancement de l\u2019appel \u00e0 projets \u00ab Industrie [\u2026] <a class=\"continue-reading-link\" href=\"https:\/\/www.evearly.news\/fr\/france-2030-lancement-de-lappel-a-projets-industrie-du-velo\/\"><\/a><\/p>\n","protected":false},"author":3,"featured_media":279416,"comment_status":"closed","ping_status":"open","sticky":false,"template":"Default","format":"standard","meta":{"footnotes":""},"categories":[3],"tags":[],"class_list":["post-279415","post","type-post","status-publish","format-standard","has-post-thumbnail","hentry","category-avem"],"_links":{"self":[{"href":"https:\/\/www.evearly.news\/fr\/wp-json\/wp\/v2\/posts\/279415","targetHints":{"allow":["GET"]}}],"collection":[{"href":"https:\/\/www.evearly.news\/fr\/wp-json\/wp\/v2\/posts"}],"about":[{"href":"https:\/\/www.evearly.news\/fr\/wp-json\/wp\/v2\/types\/post"}],"author":[{"embeddable":true,"href":"https:\/\/www.evearly.news\/fr\/wp-json\/wp\/v2\/users\/3"}],"replies":[{"embeddable":true,"href":"https:\/\/www.evearly.news\/fr\/wp-json\/wp\/v2\/comments?post=279415"}],"version-history":[{"count":0,"href":"https:\/\/www.evearly.news\/fr\/wp-json\/wp\/v2\/posts\/279415\/revisions"}],"wp:featuredmedia":[{"embeddable":true,"href":"https:\/\/www.evearly.news\/fr\/wp-json\/wp\/v2\/media\/279416"}],"wp:attachment":[{"href":"https:\/\/www.evearly.news\/fr\/wp-json\/wp\/v2\/media?parent=279415"}],"wp:term":[{"taxonomy":"category","embeddable":true,"href":"https:\/\/www.evearly.news\/fr\/wp-json\/wp\/v2\/categories?post=279415"},{"taxonomy":"post_tag","embeddable":true,"href":"https:\/\/www.evearly.news\/fr\/wp-json\/wp\/v2\/tags?post=279415"}],"curies":[{"name":"wp","href":"https:\/\/api.w.org\/{rel}","templated":true}]}}