{"id":279417,"date":"2024-04-23T14:22:09","date_gmt":"2024-04-23T12:22:09","guid":{"rendered":"https:\/\/www.evearly.news\/fr\/mg-devoile-le-concept-electrique-exe181-inspire-dun-modele-de-vitesse-des-annees-50\/"},"modified":"2024-04-23T14:22:09","modified_gmt":"2024-04-23T12:22:09","slug":"mg-devoile-le-concept-electrique-exe181-inspire-dun-modele-de-vitesse-des-annees-50","status":"publish","type":"post","link":"https:\/\/www.evearly.news\/fr\/mg-devoile-le-concept-electrique-exe181-inspire-dun-modele-de-vitesse-des-annees-50\/","title":{"rendered":"MG d\u00e9voile le concept \u00e9lectrique EXE181 inspir\u00e9 d\u2019un mod\u00e8le de vitesse des ann\u00e9es 50"},"content":{"rendered":"<p><img decoding=\"async\" width=\"500\" height=\"333\" src=\"https:\/\/www.evearly.news\/fr\/wp-content\/uploads\/sites\/6\/2024\/04\/mg-devoile-le-concept-electrique-exe181-inspire-dun-modele-de-vitesse-des-annees-50.jpg\" class=\"attachment-1200x800 size-1200x800 wp-post-image\" alt=\"\" loading=\"lazy\" srcset=\"https:\/\/www.evearly.news\/fr\/wp-content\/uploads\/sites\/6\/2024\/04\/mg-devoile-le-concept-electrique-exe181-inspire-dun-modele-de-vitesse-des-annees-50.jpg 1920w, https:\/\/www.evearly.news\/fr\/wp-content\/uploads\/sites\/6\/2024\/04\/mg-devoile-le-concept-electrique-exe181-inspire-dun-modele-de-vitesse-des-annees-50-1.jpg 1640w, https:\/\/www.evearly.news\/fr\/wp-content\/uploads\/sites\/6\/2024\/04\/mg-devoile-le-concept-electrique-exe181-inspire-dun-modele-de-vitesse-des-annees-50-2.jpg 1024w, https:\/\/www.evearly.news\/fr\/wp-content\/uploads\/sites\/6\/2024\/04\/mg-devoile-le-concept-electrique-exe181-inspire-dun-modele-de-vitesse-des-annees-50-3.jpg 140w, https:\/\/www.evearly.news\/fr\/wp-content\/uploads\/sites\/6\/2024\/04\/mg-devoile-le-concept-electrique-exe181-inspire-dun-modele-de-vitesse-des-annees-50-4.jpg 768w, https:\/\/www.evearly.news\/fr\/wp-content\/uploads\/sites\/6\/2024\/04\/mg-devoile-le-concept-electrique-exe181-inspire-dun-modele-de-vitesse-des-annees-50-5.jpg 1536w, https:\/\/www.evearly.news\/fr\/wp-content\/uploads\/sites\/6\/2024\/04\/mg-devoile-le-concept-electrique-exe181-inspire-dun-modele-de-vitesse-des-annees-50-6.jpg 620w, https:\/\/www.evearly.news\/fr\/wp-content\/uploads\/sites\/6\/2024\/04\/mg-devoile-le-concept-electrique-exe181-inspire-dun-modele-de-vitesse-des-annees-50-7.jpg 100w, https:\/\/cdn.automobile-propre.com\/uploads\/2024\/04\/mg-hypercar-190x126.jpg 190w\" sizes=\"auto, (max-width: 1200px) 100vw, 1200px\" \/><br \/>\nLe concept EXE181 de MG sera officiellement pr\u00e9sent\u00e9 \u00e0 l\u2019occasion du salon de P\u00e9kin qui doit d\u00e9marrer le 25 avril\u2026\u00a0<a href=\"https:\/\/www.automobile-propre.com\/mg-devoile-le-concept-electrique-exe181-inspire-dun-modele-de-vitesse-des-annees-50\/\" target='bwindow' rel=\"noopener\">Lire la suite&#8230;<\/a><\/p>\n","protected":false},"excerpt":{"rendered":"<p>&#8230; <a class=\"continue-reading-link\" href=\"https:\/\/www.evearly.news\/fr\/mg-devoile-le-concept-electrique-exe181-inspire-dun-modele-de-vitesse-des-annees-50\/\"><\/a><\/p>\n","protected":false},"author":8,"featured_media":279418,"comment_status":"closed","ping_status":"open","sticky":false,"template":"Default","format":"standard","meta":{"footnotes":""},"categories":[8],"tags":[],"class_list":["post-279417","post","type-post","status-publish","format-standard","has-post-thumbnail","hentry","category-automobile-propre"],"_links":{"self":[{"href":"https:\/\/www.evearly.news\/fr\/wp-json\/wp\/v2\/posts\/279417","targetHints":{"allow":["GET"]}}],"collection":[{"href":"https:\/\/www.evearly.news\/fr\/wp-json\/wp\/v2\/posts"}],"about":[{"href":"https:\/\/www.evearly.news\/fr\/wp-json\/wp\/v2\/types\/post"}],"author":[{"embeddable":true,"href":"https:\/\/www.evearly.news\/fr\/wp-json\/wp\/v2\/users\/8"}],"replies":[{"embeddable":true,"href":"https:\/\/www.evearly.news\/fr\/wp-json\/wp\/v2\/comments?post=279417"}],"version-history":[{"count":0,"href":"https:\/\/www.evearly.news\/fr\/wp-json\/wp\/v2\/posts\/279417\/revisions"}],"wp:featuredmedia":[{"embeddable":true,"href":"https:\/\/www.evearly.news\/fr\/wp-json\/wp\/v2\/media\/279418"}],"wp:attachment":[{"href":"https:\/\/www.evearly.news\/fr\/wp-json\/wp\/v2\/media?parent=279417"}],"wp:term":[{"taxonomy":"category","embeddable":true,"href":"https:\/\/www.evearly.news\/fr\/wp-json\/wp\/v2\/categories?post=279417"},{"taxonomy":"post_tag","embeddable":true,"href":"https:\/\/www.evearly.news\/fr\/wp-json\/wp\/v2\/tags?post=279417"}],"curies":[{"name":"wp","href":"https:\/\/api.w.org\/{rel}","templated":true}]}}