{"id":279419,"date":"2024-04-23T14:24:03","date_gmt":"2024-04-23T12:24:03","guid":{"rendered":"https:\/\/www.evearly.news\/fr\/le-centre-europeen-dessais-de-batteries-catl-recoit-le-feu-vert-de-volkswagen\/"},"modified":"2024-04-23T14:24:03","modified_gmt":"2024-04-23T12:24:03","slug":"le-centre-europeen-dessais-de-batteries-catl-recoit-le-feu-vert-de-volkswagen","status":"publish","type":"post","link":"https:\/\/www.evearly.news\/fr\/le-centre-europeen-dessais-de-batteries-catl-recoit-le-feu-vert-de-volkswagen\/","title":{"rendered":"Le centre europ\u00e9en d&rsquo;essais de batteries CATL re\u00e7oit le feu vert de Volkswagen"},"content":{"rendered":"<p><img decoding=\"async\" src=\"https:\/\/www.evearly.news\/fr\/wp-content\/uploads\/sites\/6\/2024\/04\/le-centre-europeen-dessais-de-batteries-catl-recoit-le-feu-vert-de-volkswagen.webp\" alt=\"insideevs\"><br \/>Le fabricant allemand affirme que les installations du g\u00e9ant chinois en Allemagne r\u00e9pondent aux normes les plus strictes en mati\u00e8re d&rsquo;\u00e9valuation des piles et des batteries. <a href=\"https:\/\/insideevs.fr\/news\/715896\/europe-catl-feu-vert-volkswagen\/\" target=\"_blank\" rel=\"noopener\">Lire la suite&#8230;<\/a><\/p>\n","protected":false},"excerpt":{"rendered":"<p><img decoding=\"async\" src=\"https:\/\/www.evearly.news\/fr\/wp-content\/uploads\/sites\/6\/2024\/04\/le-centre-europeen-dessais-de-batteries-catl-recoit-le-feu-vert-de-volkswagen.webp\" alt=\"insideevs\"><br \/>Le fabricant allemand affirme que les installations du g\u00e9ant chinois en Allemagne r\u00e9pondent aux normes les plus strictes en mati\u00e8re d&rsquo;\u00e9valuation des piles et des batteries.<\/p>\n<p> <a class=\"continue-reading-link\" href=\"https:\/\/www.evearly.news\/fr\/le-centre-europeen-dessais-de-batteries-catl-recoit-le-feu-vert-de-volkswagen\/\"><\/a><\/p>\n","protected":false},"author":14,"featured_media":279420,"comment_status":"closed","ping_status":"open","sticky":false,"template":"Default","format":"standard","meta":{"footnotes":""},"categories":[15],"tags":[],"class_list":["post-279419","post","type-post","status-publish","format-standard","has-post-thumbnail","hentry","category-insideevs"],"_links":{"self":[{"href":"https:\/\/www.evearly.news\/fr\/wp-json\/wp\/v2\/posts\/279419","targetHints":{"allow":["GET"]}}],"collection":[{"href":"https:\/\/www.evearly.news\/fr\/wp-json\/wp\/v2\/posts"}],"about":[{"href":"https:\/\/www.evearly.news\/fr\/wp-json\/wp\/v2\/types\/post"}],"author":[{"embeddable":true,"href":"https:\/\/www.evearly.news\/fr\/wp-json\/wp\/v2\/users\/14"}],"replies":[{"embeddable":true,"href":"https:\/\/www.evearly.news\/fr\/wp-json\/wp\/v2\/comments?post=279419"}],"version-history":[{"count":0,"href":"https:\/\/www.evearly.news\/fr\/wp-json\/wp\/v2\/posts\/279419\/revisions"}],"wp:featuredmedia":[{"embeddable":true,"href":"https:\/\/www.evearly.news\/fr\/wp-json\/wp\/v2\/media\/279420"}],"wp:attachment":[{"href":"https:\/\/www.evearly.news\/fr\/wp-json\/wp\/v2\/media?parent=279419"}],"wp:term":[{"taxonomy":"category","embeddable":true,"href":"https:\/\/www.evearly.news\/fr\/wp-json\/wp\/v2\/categories?post=279419"},{"taxonomy":"post_tag","embeddable":true,"href":"https:\/\/www.evearly.news\/fr\/wp-json\/wp\/v2\/tags?post=279419"}],"curies":[{"name":"wp","href":"https:\/\/api.w.org\/{rel}","templated":true}]}}