{"id":279423,"date":"2024-04-23T15:50:02","date_gmt":"2024-04-23T13:50:02","guid":{"rendered":"https:\/\/www.evearly.news\/fr\/porsche-macan-electric-2024-le-grand-basculement-essai-video\/"},"modified":"2024-04-23T15:50:02","modified_gmt":"2024-04-23T13:50:02","slug":"porsche-macan-electric-2024-le-grand-basculement-essai-video","status":"publish","type":"post","link":"https:\/\/www.evearly.news\/fr\/porsche-macan-electric-2024-le-grand-basculement-essai-video\/","title":{"rendered":"Porsche Macan Electric (2024) : le grand basculement (Essai vid\u00e9o)"},"content":{"rendered":"<p><img decoding=\"async\" src=\"https:\/\/www.evearly.news\/fr\/wp-content\/uploads\/sites\/6\/2024\/04\/porsche-macan-electric-2024-le-grand-basculement-essai-video.jpg\"\/><br \/>\n\t\t\t\t\tLe Porsche Macan fait peau neuve et devient 100% \u00e9lectrique alors que sa version thermique, plomb\u00e9e par le malus \u00e9cologique fran\u00e7ais, s\u2019appr\u00eate \u00e0 dispara\u00eetre. Peut-il redevenir la meilleure vente du constructeur chez nous m\u00eame s\u2019il s\u2019approche du prix de son grand fr\u00e8re hybride rechargeable, le Cayenne ? <a href=\"https:\/\/www.caradisiac.com\/porsche-macan-electric-2024-le-grand-basculement-essai-video-208391.htm#xtor=RSS-40\" target=\"blank\" rel=\"noopener\">Lire la suite&#8230;<\/a><\/p>\n","protected":false},"excerpt":{"rendered":"<p><img decoding=\"async\" src=\"https:\/\/www.evearly.news\/fr\/wp-content\/uploads\/sites\/6\/2024\/04\/porsche-macan-electric-2024-le-grand-basculement-essai-video.jpg\" \/><br \/>\n\t\t\t\t\tLe Porsche Macan fait peau neuve et devient 100% \u00e9lectrique alors que sa version thermique, plomb\u00e9e par le malus \u00e9cologique fran\u00e7ais, s\u2019appr\u00eate \u00e0 dispara\u00eetre. Peut-il redevenir la meilleure vente du constructeur chez nous m\u00eame s\u2019il s\u2019approche du prix de son grand fr\u00e8re hybride rechargeable, le Cayenne ?<\/p>\n<p> <a class=\"continue-reading-link\" href=\"https:\/\/www.evearly.news\/fr\/porsche-macan-electric-2024-le-grand-basculement-essai-video\/\"><\/a><\/p>\n","protected":false},"author":11,"featured_media":279424,"comment_status":"closed","ping_status":"open","sticky":false,"template":"Default","format":"standard","meta":{"footnotes":""},"categories":[11],"tags":[],"class_list":["post-279423","post","type-post","status-publish","format-standard","has-post-thumbnail","hentry","category-caradisiac"],"_links":{"self":[{"href":"https:\/\/www.evearly.news\/fr\/wp-json\/wp\/v2\/posts\/279423","targetHints":{"allow":["GET"]}}],"collection":[{"href":"https:\/\/www.evearly.news\/fr\/wp-json\/wp\/v2\/posts"}],"about":[{"href":"https:\/\/www.evearly.news\/fr\/wp-json\/wp\/v2\/types\/post"}],"author":[{"embeddable":true,"href":"https:\/\/www.evearly.news\/fr\/wp-json\/wp\/v2\/users\/11"}],"replies":[{"embeddable":true,"href":"https:\/\/www.evearly.news\/fr\/wp-json\/wp\/v2\/comments?post=279423"}],"version-history":[{"count":0,"href":"https:\/\/www.evearly.news\/fr\/wp-json\/wp\/v2\/posts\/279423\/revisions"}],"wp:featuredmedia":[{"embeddable":true,"href":"https:\/\/www.evearly.news\/fr\/wp-json\/wp\/v2\/media\/279424"}],"wp:attachment":[{"href":"https:\/\/www.evearly.news\/fr\/wp-json\/wp\/v2\/media?parent=279423"}],"wp:term":[{"taxonomy":"category","embeddable":true,"href":"https:\/\/www.evearly.news\/fr\/wp-json\/wp\/v2\/categories?post=279423"},{"taxonomy":"post_tag","embeddable":true,"href":"https:\/\/www.evearly.news\/fr\/wp-json\/wp\/v2\/tags?post=279423"}],"curies":[{"name":"wp","href":"https:\/\/api.w.org\/{rel}","templated":true}]}}