{"id":279429,"date":"2024-04-23T18:21:55","date_gmt":"2024-04-23T16:21:55","guid":{"rendered":"https:\/\/www.evearly.news\/fr\/milence-vise-1-700-points-de-charge-pour-les-camions-electriques-en-europe-dici-5-ans\/"},"modified":"2024-04-23T18:21:55","modified_gmt":"2024-04-23T16:21:55","slug":"milence-vise-1-700-points-de-charge-pour-les-camions-electriques-en-europe-dici-5-ans","status":"publish","type":"post","link":"https:\/\/www.evearly.news\/fr\/milence-vise-1-700-points-de-charge-pour-les-camions-electriques-en-europe-dici-5-ans\/","title":{"rendered":"Milence vise 1 700 points de charge pour les camions \u00e9lectriques en Europe d\u2019ici 5 ans"},"content":{"rendered":"<p><img loading=\"lazy\" decoding=\"async\" width=\"500\" height=\"333\" src=\"https:\/\/www.evearly.news\/fr\/wp-content\/uploads\/sites\/6\/2024\/04\/milence-vise-1-700-points-de-charge-pour-les-camions-electriques-en-europe-dici-5-ans.jpg\" class=\"attachment-1200x800 size-1200x800 wp-post-image\" alt=\"\" srcset=\"https:\/\/www.evearly.news\/fr\/wp-content\/uploads\/sites\/6\/2024\/04\/milence-vise-1-700-points-de-charge-pour-les-camions-electriques-en-europe-dici-5-ans.jpg 1920w, https:\/\/www.evearly.news\/fr\/wp-content\/uploads\/sites\/6\/2024\/04\/milence-vise-1-700-points-de-charge-pour-les-camions-electriques-en-europe-dici-5-ans-1.jpg 1640w, https:\/\/www.evearly.news\/fr\/wp-content\/uploads\/sites\/6\/2024\/04\/milence-vise-1-700-points-de-charge-pour-les-camions-electriques-en-europe-dici-5-ans-2.jpg 1024w, https:\/\/www.evearly.news\/fr\/wp-content\/uploads\/sites\/6\/2024\/04\/milence-vise-1-700-points-de-charge-pour-les-camions-electriques-en-europe-dici-5-ans-3.jpg 768w, https:\/\/www.evearly.news\/fr\/wp-content\/uploads\/sites\/6\/2024\/04\/milence-vise-1-700-points-de-charge-pour-les-camions-electriques-en-europe-dici-5-ans-4.jpg 1536w, https:\/\/cdn.automobile-propre.com\/uploads\/2024\/04\/milence-rouen-551x413.jpg 551w\" sizes=\"auto, (max-width: 1067px) 100vw, 1067px\" \/><br \/>\nMilence, une soci\u00e9t\u00e9 n\u00e9erlandaise sp\u00e9cialis\u00e9e dans les stations de recharge pour camions \u00e9lectriques, a choisi la France pour sa seconde\u2026\u00a0<a href=\"https:\/\/www.automobile-propre.com\/milence-vise-1-700-points-de-charge-pour-les-camions-electriques-en-europe-dici-5-ans\/\" target='bwindow' rel=\"noopener\">Lire la suite&#8230;<\/a><\/p>\n","protected":false},"excerpt":{"rendered":"<p>&#8230; <a class=\"continue-reading-link\" href=\"https:\/\/www.evearly.news\/fr\/milence-vise-1-700-points-de-charge-pour-les-camions-electriques-en-europe-dici-5-ans\/\"><\/a><\/p>\n","protected":false},"author":8,"featured_media":279430,"comment_status":"closed","ping_status":"open","sticky":false,"template":"Default","format":"standard","meta":{"footnotes":""},"categories":[8],"tags":[],"class_list":["post-279429","post","type-post","status-publish","format-standard","has-post-thumbnail","hentry","category-automobile-propre"],"_links":{"self":[{"href":"https:\/\/www.evearly.news\/fr\/wp-json\/wp\/v2\/posts\/279429","targetHints":{"allow":["GET"]}}],"collection":[{"href":"https:\/\/www.evearly.news\/fr\/wp-json\/wp\/v2\/posts"}],"about":[{"href":"https:\/\/www.evearly.news\/fr\/wp-json\/wp\/v2\/types\/post"}],"author":[{"embeddable":true,"href":"https:\/\/www.evearly.news\/fr\/wp-json\/wp\/v2\/users\/8"}],"replies":[{"embeddable":true,"href":"https:\/\/www.evearly.news\/fr\/wp-json\/wp\/v2\/comments?post=279429"}],"version-history":[{"count":0,"href":"https:\/\/www.evearly.news\/fr\/wp-json\/wp\/v2\/posts\/279429\/revisions"}],"wp:featuredmedia":[{"embeddable":true,"href":"https:\/\/www.evearly.news\/fr\/wp-json\/wp\/v2\/media\/279430"}],"wp:attachment":[{"href":"https:\/\/www.evearly.news\/fr\/wp-json\/wp\/v2\/media?parent=279429"}],"wp:term":[{"taxonomy":"category","embeddable":true,"href":"https:\/\/www.evearly.news\/fr\/wp-json\/wp\/v2\/categories?post=279429"},{"taxonomy":"post_tag","embeddable":true,"href":"https:\/\/www.evearly.news\/fr\/wp-json\/wp\/v2\/tags?post=279429"}],"curies":[{"name":"wp","href":"https:\/\/api.w.org\/{rel}","templated":true}]}}