{"id":279546,"date":"2024-04-24T15:20:07","date_gmt":"2024-04-24T13:20:07","guid":{"rendered":"https:\/\/www.evearly.news\/fr\/nouvelles-bmw-i4-et-serie-4-gran-coupe-2024-mise-a-jour-pour-la-forme\/"},"modified":"2024-04-24T15:20:07","modified_gmt":"2024-04-24T13:20:07","slug":"nouvelles-bmw-i4-et-serie-4-gran-coupe-2024-mise-a-jour-pour-la-forme","status":"publish","type":"post","link":"https:\/\/www.evearly.news\/fr\/nouvelles-bmw-i4-et-serie-4-gran-coupe-2024-mise-a-jour-pour-la-forme\/","title":{"rendered":"Nouvelles BMW i4 et S\u00e9rie 4 Gran Coup\u00e9 (2024) : mise \u00e0 jour pour la forme"},"content":{"rendered":"<p><img decoding=\"async\" src=\"https:\/\/www.evearly.news\/fr\/wp-content\/uploads\/sites\/6\/2024\/04\/nouvelles-bmw-i4-et-serie-4-gran-coupe-2024-mise-a-jour-pour-la-forme.webp\" alt=\"auto-moto\"><br \/>BMW profite du salon de P\u00e9kin pour revoir son coup\u00e9 quatre portes familial, autant en thermique avec la S\u00e9rie 4 Gran Coup\u00e9 qu\u2019en \u00e9lectrique avec l\u2019i4. Des modifications portant essentiellement sur des d\u00e9tails de finition. <a href=\"https:\/\/www.auto-moto.com\/bmw\/actualites\/nouvelles-bmw-i4-et-serie-4-gran-coupe-2024-mise-a-jour-pour-la-forme-33531\" target=\"blank\" rel=\"noopener\">Lire la suite&#8230;<\/a><\/p>\n","protected":false},"excerpt":{"rendered":"<p>BMW profite du salon de P\u00e9kin pour revoir son coup\u00e9 quatre portes familial, autant en thermique avec la S\u00e9rie 4 Gran Coup\u00e9 qu\u2019en \u00e9lectrique avec l\u2019i4. Des modifications portant essentiellement sur des d\u00e9tails de finition&#8230;. <a class=\"continue-reading-link\" href=\"https:\/\/www.evearly.news\/fr\/nouvelles-bmw-i4-et-serie-4-gran-coupe-2024-mise-a-jour-pour-la-forme\/\"><\/a><\/p>\n","protected":false},"author":9,"featured_media":279547,"comment_status":"closed","ping_status":"open","sticky":false,"template":"Default","format":"standard","meta":{"footnotes":""},"categories":[10],"tags":[],"class_list":["post-279546","post","type-post","status-publish","format-standard","has-post-thumbnail","hentry","category-auto-moto-com"],"_links":{"self":[{"href":"https:\/\/www.evearly.news\/fr\/wp-json\/wp\/v2\/posts\/279546","targetHints":{"allow":["GET"]}}],"collection":[{"href":"https:\/\/www.evearly.news\/fr\/wp-json\/wp\/v2\/posts"}],"about":[{"href":"https:\/\/www.evearly.news\/fr\/wp-json\/wp\/v2\/types\/post"}],"author":[{"embeddable":true,"href":"https:\/\/www.evearly.news\/fr\/wp-json\/wp\/v2\/users\/9"}],"replies":[{"embeddable":true,"href":"https:\/\/www.evearly.news\/fr\/wp-json\/wp\/v2\/comments?post=279546"}],"version-history":[{"count":0,"href":"https:\/\/www.evearly.news\/fr\/wp-json\/wp\/v2\/posts\/279546\/revisions"}],"wp:featuredmedia":[{"embeddable":true,"href":"https:\/\/www.evearly.news\/fr\/wp-json\/wp\/v2\/media\/279547"}],"wp:attachment":[{"href":"https:\/\/www.evearly.news\/fr\/wp-json\/wp\/v2\/media?parent=279546"}],"wp:term":[{"taxonomy":"category","embeddable":true,"href":"https:\/\/www.evearly.news\/fr\/wp-json\/wp\/v2\/categories?post=279546"},{"taxonomy":"post_tag","embeddable":true,"href":"https:\/\/www.evearly.news\/fr\/wp-json\/wp\/v2\/tags?post=279546"}],"curies":[{"name":"wp","href":"https:\/\/api.w.org\/{rel}","templated":true}]}}