{"id":279550,"date":"2024-04-24T15:27:50","date_gmt":"2024-04-24T13:27:50","guid":{"rendered":"https:\/\/www.evearly.news\/fr\/la-patronne-de-byd-plus-grand-concurrent-de-tesla-nous-devoile-ses-plans-pour-leurope-lambition-est-immense\/"},"modified":"2024-04-24T15:27:50","modified_gmt":"2024-04-24T13:27:50","slug":"la-patronne-de-byd-plus-grand-concurrent-de-tesla-nous-devoile-ses-plans-pour-leurope-lambition-est-immense","status":"publish","type":"post","link":"https:\/\/www.evearly.news\/fr\/la-patronne-de-byd-plus-grand-concurrent-de-tesla-nous-devoile-ses-plans-pour-leurope-lambition-est-immense\/","title":{"rendered":"La patronne de BYD, plus grand concurrent de Tesla, nous d\u00e9voile ses plans pour l\u2019Europe : l\u2019ambition est immense"},"content":{"rendered":"<p><img width=\"1200\" height=\"900\" src=\"https:\/\/www.evearly.news\/fr\/wp-content\/uploads\/sites\/6\/2024\/04\/la-patronne-de-byd-plus-grand-concurrent-de-tesla-nous-devoile-ses-plans-pour-leurope-lambition-est-immense.jpg\" class=\"attachment-large size-large wp-post-image\" alt=\"\" decoding=\"async\" loading=\"lazy\" \/<br \/>BYD : le plus grand concurrent de Tesla et constructeur num\u00e9ro un en Chine nous a accueillis dans son si\u00e8ge de Shenzhen o\u00f9 nous avons pu rencontrer sa grande patronne, Stella Li. Elle nous a parl\u00e9 d\u2019hybrides rechargeables, de R&#038;D en Europe et de la peur suscit\u00e9e par l\u2019arriv\u00e9e des constructeurs chinois. R\u00e9sum\u00e9 des infos recueillies. <a href=\"https:\/\/www.frandroid.com\/marques\/byd\/2002356_la-patronne-de-byd-plus-grand-concurrent-de-tesla-nous-devoile-ses-plans-pour-leurope-lambition-est-immense\" target=\"blank\" rel=\"noopener\">Lire la suite&#8230;<\/a><\/p>\n","protected":false},"excerpt":{"rendered":"<p>&lt;img width=&quot;1200&quot; height=&quot;900&quot; src=&quot;https:\/\/www.evearly.news\/fr\/wp-content\/uploads\/sites\/6\/2024\/04\/la-patronne-de-byd-plus-grand-concurrent-de-tesla-nous-devoile-ses-plans-pour-leurope-lambition-est-immense.jpg&quot; class=&quot;attachment-large size-large wp-post-image&quot; alt=&quot;&quot; decoding=&quot;async&quot; loading=&quot;lazy&quot; \/<br \/>BYD : le plus grand concurrent de Tesla et constructeur num\u00e9ro un en Chine nous a accueillis dans son si\u00e8ge de Shenzhen o\u00f9 nous avons pu rencontrer sa grande patronne, Stella Li. Elle nous a parl\u00e9 d\u2019hybrides rechargeables, de R&amp;D en Europe et de la peur suscit\u00e9e par l\u2019arriv\u00e9e des constructeurs chinois. R\u00e9sum\u00e9 des infos recueillies.<\/p>\n<p> <a class=\"continue-reading-link\" href=\"https:\/\/www.evearly.news\/fr\/la-patronne-de-byd-plus-grand-concurrent-de-tesla-nous-devoile-ses-plans-pour-leurope-lambition-est-immense\/\"><\/a><\/p>\n","protected":false},"author":6,"featured_media":279551,"comment_status":"closed","ping_status":"open","sticky":false,"template":"Default","format":"standard","meta":{"footnotes":""},"categories":[14],"tags":[],"class_list":["post-279550","post","type-post","status-publish","format-standard","has-post-thumbnail","hentry","category-frandroid"],"_links":{"self":[{"href":"https:\/\/www.evearly.news\/fr\/wp-json\/wp\/v2\/posts\/279550","targetHints":{"allow":["GET"]}}],"collection":[{"href":"https:\/\/www.evearly.news\/fr\/wp-json\/wp\/v2\/posts"}],"about":[{"href":"https:\/\/www.evearly.news\/fr\/wp-json\/wp\/v2\/types\/post"}],"author":[{"embeddable":true,"href":"https:\/\/www.evearly.news\/fr\/wp-json\/wp\/v2\/users\/6"}],"replies":[{"embeddable":true,"href":"https:\/\/www.evearly.news\/fr\/wp-json\/wp\/v2\/comments?post=279550"}],"version-history":[{"count":0,"href":"https:\/\/www.evearly.news\/fr\/wp-json\/wp\/v2\/posts\/279550\/revisions"}],"wp:featuredmedia":[{"embeddable":true,"href":"https:\/\/www.evearly.news\/fr\/wp-json\/wp\/v2\/media\/279551"}],"wp:attachment":[{"href":"https:\/\/www.evearly.news\/fr\/wp-json\/wp\/v2\/media?parent=279550"}],"wp:term":[{"taxonomy":"category","embeddable":true,"href":"https:\/\/www.evearly.news\/fr\/wp-json\/wp\/v2\/categories?post=279550"},{"taxonomy":"post_tag","embeddable":true,"href":"https:\/\/www.evearly.news\/fr\/wp-json\/wp\/v2\/tags?post=279550"}],"curies":[{"name":"wp","href":"https:\/\/api.w.org\/{rel}","templated":true}]}}