{"id":279554,"date":"2024-04-24T16:21:07","date_gmt":"2024-04-24T14:21:07","guid":{"rendered":"https:\/\/www.evearly.news\/fr\/nouvelle-mini-aceman-2024-revelation-du-micro-suv-100-electrique\/"},"modified":"2024-04-24T16:21:07","modified_gmt":"2024-04-24T14:21:07","slug":"nouvelle-mini-aceman-2024-revelation-du-micro-suv-100-electrique","status":"publish","type":"post","link":"https:\/\/www.evearly.news\/fr\/nouvelle-mini-aceman-2024-revelation-du-micro-suv-100-electrique\/","title":{"rendered":"Nouvelle Mini Aceman (2024) : r\u00e9v\u00e9lation du micro-SUV 100% \u00e9lectrique"},"content":{"rendered":"<p><img decoding=\"async\" src=\"https:\/\/www.evearly.news\/fr\/wp-content\/uploads\/sites\/6\/2024\/04\/nouvelle-mini-aceman-2024-revelation-du-micro-suv-100-electrique.webp\" alt=\"auto-moto\"><br \/>Au salon de P\u00e9kin, Mini d\u00e9voile son micro-SUV dont la production d\u00e9marrera en Chine avant d&rsquo;\u00eatre r\u00e9patri\u00e9e en Angleterre courant 2026. <a href=\"https:\/\/www.auto-moto.com\/suv\/nouvelle-mini-aceman-33378\" target=\"blank\" rel=\"noopener\">Lire la suite&#8230;<\/a><\/p>\n","protected":false},"excerpt":{"rendered":"<p>Au salon de P\u00e9kin, Mini d\u00e9voile son micro-SUV dont la production d\u00e9marrera en Chine avant d&rsquo;\u00eatre r\u00e9patri\u00e9e en Angleterre courant 2026&#8230;. <a class=\"continue-reading-link\" href=\"https:\/\/www.evearly.news\/fr\/nouvelle-mini-aceman-2024-revelation-du-micro-suv-100-electrique\/\"><\/a><\/p>\n","protected":false},"author":9,"featured_media":279555,"comment_status":"closed","ping_status":"open","sticky":false,"template":"Default","format":"standard","meta":{"footnotes":""},"categories":[10],"tags":[],"class_list":["post-279554","post","type-post","status-publish","format-standard","has-post-thumbnail","hentry","category-auto-moto-com"],"_links":{"self":[{"href":"https:\/\/www.evearly.news\/fr\/wp-json\/wp\/v2\/posts\/279554","targetHints":{"allow":["GET"]}}],"collection":[{"href":"https:\/\/www.evearly.news\/fr\/wp-json\/wp\/v2\/posts"}],"about":[{"href":"https:\/\/www.evearly.news\/fr\/wp-json\/wp\/v2\/types\/post"}],"author":[{"embeddable":true,"href":"https:\/\/www.evearly.news\/fr\/wp-json\/wp\/v2\/users\/9"}],"replies":[{"embeddable":true,"href":"https:\/\/www.evearly.news\/fr\/wp-json\/wp\/v2\/comments?post=279554"}],"version-history":[{"count":0,"href":"https:\/\/www.evearly.news\/fr\/wp-json\/wp\/v2\/posts\/279554\/revisions"}],"wp:featuredmedia":[{"embeddable":true,"href":"https:\/\/www.evearly.news\/fr\/wp-json\/wp\/v2\/media\/279555"}],"wp:attachment":[{"href":"https:\/\/www.evearly.news\/fr\/wp-json\/wp\/v2\/media?parent=279554"}],"wp:term":[{"taxonomy":"category","embeddable":true,"href":"https:\/\/www.evearly.news\/fr\/wp-json\/wp\/v2\/categories?post=279554"},{"taxonomy":"post_tag","embeddable":true,"href":"https:\/\/www.evearly.news\/fr\/wp-json\/wp\/v2\/tags?post=279554"}],"curies":[{"name":"wp","href":"https:\/\/api.w.org\/{rel}","templated":true}]}}