{"id":279558,"date":"2024-04-24T16:24:04","date_gmt":"2024-04-24T14:24:04","guid":{"rendered":"https:\/\/www.evearly.news\/fr\/bmw-serie-4-gran-coupe-et-i4-2024-evolutions-en-finesse-pour-le-restylage\/"},"modified":"2024-04-24T16:24:04","modified_gmt":"2024-04-24T14:24:04","slug":"bmw-serie-4-gran-coupe-et-i4-2024-evolutions-en-finesse-pour-le-restylage","status":"publish","type":"post","link":"https:\/\/www.evearly.news\/fr\/bmw-serie-4-gran-coupe-et-i4-2024-evolutions-en-finesse-pour-le-restylage\/","title":{"rendered":"BMW S\u00e9rie 4 Gran Coup\u00e9 et i4 (2024)\u00a0: \u00e9volutions en finesse pour le restylage"},"content":{"rendered":"<p><img decoding=\"async\" src=\"https:\/\/www.evearly.news\/fr\/wp-content\/uploads\/sites\/6\/2024\/04\/bmw-serie-4-gran-coupe-et-i4-2024-evolutions-en-finesse-pour-le-restylage.jpg\"\/><br \/>\n\t\t\t\t\tSur le march\u00e9 depuis 2021, la berline S\u00e9rie 4 Gran Coup\u00e9 et son homologue \u00e9lectrique i4 re\u00e7oivent du nouveau sous le capot et dans l\u2019habitacle, tout en affinant l\u00e9g\u00e8rement leur design. La commercialisation d\u00e9butera en juillet\u00a02024. <a href=\"https:\/\/www.caradisiac.com\/bmw-serie-4-gran-coupe-et-i4-2024-evolutions-en-finesse-pour-le-restylage-208398.htm#xtor=RSS-40\" target=\"blank\" rel=\"noopener\">Lire la suite&#8230;<\/a><\/p>\n","protected":false},"excerpt":{"rendered":"<p><img decoding=\"async\" src=\"https:\/\/www.evearly.news\/fr\/wp-content\/uploads\/sites\/6\/2024\/04\/bmw-serie-4-gran-coupe-et-i4-2024-evolutions-en-finesse-pour-le-restylage.jpg\" \/><br \/>\n\t\t\t\t\tSur le march\u00e9 depuis 2021, la berline S\u00e9rie 4 Gran Coup\u00e9 et son homologue \u00e9lectrique i4 re\u00e7oivent du nouveau sous le capot et dans l\u2019habitacle, tout en affinant l\u00e9g\u00e8rement leur design. La commercialisation d\u00e9butera en juillet\u00a02024.<\/p>\n<p> <a class=\"continue-reading-link\" href=\"https:\/\/www.evearly.news\/fr\/bmw-serie-4-gran-coupe-et-i4-2024-evolutions-en-finesse-pour-le-restylage\/\"><\/a><\/p>\n","protected":false},"author":11,"featured_media":279559,"comment_status":"closed","ping_status":"open","sticky":false,"template":"Default","format":"standard","meta":{"footnotes":""},"categories":[11],"tags":[],"class_list":["post-279558","post","type-post","status-publish","format-standard","has-post-thumbnail","hentry","category-caradisiac"],"_links":{"self":[{"href":"https:\/\/www.evearly.news\/fr\/wp-json\/wp\/v2\/posts\/279558","targetHints":{"allow":["GET"]}}],"collection":[{"href":"https:\/\/www.evearly.news\/fr\/wp-json\/wp\/v2\/posts"}],"about":[{"href":"https:\/\/www.evearly.news\/fr\/wp-json\/wp\/v2\/types\/post"}],"author":[{"embeddable":true,"href":"https:\/\/www.evearly.news\/fr\/wp-json\/wp\/v2\/users\/11"}],"replies":[{"embeddable":true,"href":"https:\/\/www.evearly.news\/fr\/wp-json\/wp\/v2\/comments?post=279558"}],"version-history":[{"count":0,"href":"https:\/\/www.evearly.news\/fr\/wp-json\/wp\/v2\/posts\/279558\/revisions"}],"wp:featuredmedia":[{"embeddable":true,"href":"https:\/\/www.evearly.news\/fr\/wp-json\/wp\/v2\/media\/279559"}],"wp:attachment":[{"href":"https:\/\/www.evearly.news\/fr\/wp-json\/wp\/v2\/media?parent=279558"}],"wp:term":[{"taxonomy":"category","embeddable":true,"href":"https:\/\/www.evearly.news\/fr\/wp-json\/wp\/v2\/categories?post=279558"},{"taxonomy":"post_tag","embeddable":true,"href":"https:\/\/www.evearly.news\/fr\/wp-json\/wp\/v2\/tags?post=279558"}],"curies":[{"name":"wp","href":"https:\/\/api.w.org\/{rel}","templated":true}]}}