{"id":279562,"date":"2024-04-24T16:26:44","date_gmt":"2024-04-24T14:26:44","guid":{"rendered":"https:\/\/www.evearly.news\/fr\/bmw-i4-et-serie-4-gran-coupe-un-restylage-subtil\/"},"modified":"2024-04-24T16:26:44","modified_gmt":"2024-04-24T14:26:44","slug":"bmw-i4-et-serie-4-gran-coupe-un-restylage-subtil","status":"publish","type":"post","link":"https:\/\/www.evearly.news\/fr\/bmw-i4-et-serie-4-gran-coupe-un-restylage-subtil\/","title":{"rendered":"BMW i4 et S\u00e9rie 4 Gran Coup\u00e9 : un restylage subtil"},"content":{"rendered":"<div class=\"media_block\"><img decoding=\"async\" src=\"https:\/\/www.evearly.news\/fr\/wp-content\/uploads\/sites\/6\/2024\/04\/bmw-i4-et-serie-4-gran-coupe-un-restylage-subtil.jpg\"><\/div>\n<p>Arriv\u00e9es \u00e0 mi vie les BMW S\u00e9rie 4 Grand Coup\u00e9 et i4 s\u2019offrent un tr\u00e8s discret restylage. La BMW i4 en profite pour \u00e9toffer sa palette de motorisations. <a href=\"https:\/\/www.automobile-magazine.fr\/toute-l-actualite\/article\/42727-bmw-i4-et-serie-4-gran-coupe-un-restylage-subtil\" target='bwindow' rel=\"noopener\">Lire la suite&#8230;<\/a><\/p>\n","protected":false},"excerpt":{"rendered":"<div class=\"media_block\"><img decoding=\"async\" src=\"https:\/\/www.evearly.news\/fr\/wp-content\/uploads\/sites\/6\/2024\/04\/bmw-i4-et-serie-4-gran-coupe-un-restylage-subtil.jpg\"><\/div>\n<p> <a class=\"continue-reading-link\" href=\"https:\/\/www.evearly.news\/fr\/bmw-i4-et-serie-4-gran-coupe-un-restylage-subtil\/\"><\/a><\/p>\n","protected":false},"author":7,"featured_media":279563,"comment_status":"closed","ping_status":"open","sticky":false,"template":"Default","format":"standard","meta":{"footnotes":""},"categories":[7],"tags":[],"class_list":["post-279562","post","type-post","status-publish","format-standard","has-post-thumbnail","hentry","category-automobile-magazine"],"_links":{"self":[{"href":"https:\/\/www.evearly.news\/fr\/wp-json\/wp\/v2\/posts\/279562","targetHints":{"allow":["GET"]}}],"collection":[{"href":"https:\/\/www.evearly.news\/fr\/wp-json\/wp\/v2\/posts"}],"about":[{"href":"https:\/\/www.evearly.news\/fr\/wp-json\/wp\/v2\/types\/post"}],"author":[{"embeddable":true,"href":"https:\/\/www.evearly.news\/fr\/wp-json\/wp\/v2\/users\/7"}],"replies":[{"embeddable":true,"href":"https:\/\/www.evearly.news\/fr\/wp-json\/wp\/v2\/comments?post=279562"}],"version-history":[{"count":0,"href":"https:\/\/www.evearly.news\/fr\/wp-json\/wp\/v2\/posts\/279562\/revisions"}],"wp:featuredmedia":[{"embeddable":true,"href":"https:\/\/www.evearly.news\/fr\/wp-json\/wp\/v2\/media\/279563"}],"wp:attachment":[{"href":"https:\/\/www.evearly.news\/fr\/wp-json\/wp\/v2\/media?parent=279562"}],"wp:term":[{"taxonomy":"category","embeddable":true,"href":"https:\/\/www.evearly.news\/fr\/wp-json\/wp\/v2\/categories?post=279562"},{"taxonomy":"post_tag","embeddable":true,"href":"https:\/\/www.evearly.news\/fr\/wp-json\/wp\/v2\/tags?post=279562"}],"curies":[{"name":"wp","href":"https:\/\/api.w.org\/{rel}","templated":true}]}}