{"id":279568,"date":"2024-04-24T17:24:06","date_gmt":"2024-04-24T15:24:06","guid":{"rendered":"https:\/\/www.evearly.news\/fr\/bmw-augmente-legerement-lautonomie-de-sa-i4-electrique-restylee-pour-mieux-concurrencer-la-tesla-model-3\/"},"modified":"2024-04-24T17:24:06","modified_gmt":"2024-04-24T15:24:06","slug":"bmw-augmente-legerement-lautonomie-de-sa-i4-electrique-restylee-pour-mieux-concurrencer-la-tesla-model-3","status":"publish","type":"post","link":"https:\/\/www.evearly.news\/fr\/bmw-augmente-legerement-lautonomie-de-sa-i4-electrique-restylee-pour-mieux-concurrencer-la-tesla-model-3\/","title":{"rendered":"BMW augmente (l\u00e9g\u00e8rement) l\u2019autonomie de sa i4 \u00e9lectrique restyl\u00e9e pour mieux concurrencer la Tesla Model 3"},"content":{"rendered":"<p><img width=\"1200\" height=\"800\" src=\"https:\/\/www.evearly.news\/fr\/wp-content\/uploads\/sites\/6\/2024\/04\/bmw-augmente-legerement-lautonomie-de-sa-i4-electrique-restylee-pour-mieux-concurrencer-la-tesla-model-3.jpg\" class=\"attachment-large size-large wp-post-image\" alt=\"\" decoding=\"async\" loading=\"lazy\" \/<br \/>BMW profite du Salon de P\u00e9kin pour pr\u00e9senter le restylage de sa berline 100 % \u00e9lectrique, l&rsquo;i4. Pour l&rsquo;occasion, la voiture \u00e9lectrique re\u00e7oit une nouvelle version qui s&rsquo;intercale entre la eDrive40 de 340 ch et la tonitruante M50 de 544 ch. Voici la BMW i4 xDrive40. <a href=\"https:\/\/www.frandroid.com\/marques\/bmw\/2003350_bmw-augmente-legerement-lautonomie-de-sa-i4-electrique-restylee-pour-mieux-concurrencer-la-tesla-model-3\" target=\"blank\" rel=\"noopener\">Lire la suite&#8230;<\/a><\/p>\n","protected":false},"excerpt":{"rendered":"<p>&lt;img width=&quot;1200&quot; height=&quot;800&quot; src=&quot;https:\/\/www.evearly.news\/fr\/wp-content\/uploads\/sites\/6\/2024\/04\/bmw-augmente-legerement-lautonomie-de-sa-i4-electrique-restylee-pour-mieux-concurrencer-la-tesla-model-3.jpg&quot; class=&quot;attachment-large size-large wp-post-image&quot; alt=&quot;&quot; decoding=&quot;async&quot; loading=&quot;lazy&quot; \/<br \/>BMW profite du Salon de P\u00e9kin pour pr\u00e9senter le restylage de sa berline 100 % \u00e9lectrique, l&rsquo;i4. Pour l&rsquo;occasion, la voiture \u00e9lectrique re\u00e7oit une nouvelle version qui s&rsquo;intercale entre la eDrive40 de 340 ch et la tonitruante M50 de 544 ch. Voici la BMW i4 xDrive40.<\/p>\n<p> <a class=\"continue-reading-link\" href=\"https:\/\/www.evearly.news\/fr\/bmw-augmente-legerement-lautonomie-de-sa-i4-electrique-restylee-pour-mieux-concurrencer-la-tesla-model-3\/\"><\/a><\/p>\n","protected":false},"author":6,"featured_media":279569,"comment_status":"closed","ping_status":"open","sticky":false,"template":"Default","format":"standard","meta":{"footnotes":""},"categories":[14],"tags":[],"class_list":["post-279568","post","type-post","status-publish","format-standard","has-post-thumbnail","hentry","category-frandroid"],"_links":{"self":[{"href":"https:\/\/www.evearly.news\/fr\/wp-json\/wp\/v2\/posts\/279568","targetHints":{"allow":["GET"]}}],"collection":[{"href":"https:\/\/www.evearly.news\/fr\/wp-json\/wp\/v2\/posts"}],"about":[{"href":"https:\/\/www.evearly.news\/fr\/wp-json\/wp\/v2\/types\/post"}],"author":[{"embeddable":true,"href":"https:\/\/www.evearly.news\/fr\/wp-json\/wp\/v2\/users\/6"}],"replies":[{"embeddable":true,"href":"https:\/\/www.evearly.news\/fr\/wp-json\/wp\/v2\/comments?post=279568"}],"version-history":[{"count":0,"href":"https:\/\/www.evearly.news\/fr\/wp-json\/wp\/v2\/posts\/279568\/revisions"}],"wp:featuredmedia":[{"embeddable":true,"href":"https:\/\/www.evearly.news\/fr\/wp-json\/wp\/v2\/media\/279569"}],"wp:attachment":[{"href":"https:\/\/www.evearly.news\/fr\/wp-json\/wp\/v2\/media?parent=279568"}],"wp:term":[{"taxonomy":"category","embeddable":true,"href":"https:\/\/www.evearly.news\/fr\/wp-json\/wp\/v2\/categories?post=279568"},{"taxonomy":"post_tag","embeddable":true,"href":"https:\/\/www.evearly.news\/fr\/wp-json\/wp\/v2\/tags?post=279568"}],"curies":[{"name":"wp","href":"https:\/\/api.w.org\/{rel}","templated":true}]}}