{"id":279586,"date":"2024-04-25T08:23:55","date_gmt":"2024-04-25T06:23:55","guid":{"rendered":"https:\/\/www.evearly.news\/fr\/un-grand-constructeur-negocie-avec-tesla-pour-utiliser-sa-conduite-autonome\/"},"modified":"2024-04-25T08:23:55","modified_gmt":"2024-04-25T06:23:55","slug":"un-grand-constructeur-negocie-avec-tesla-pour-utiliser-sa-conduite-autonome","status":"publish","type":"post","link":"https:\/\/www.evearly.news\/fr\/un-grand-constructeur-negocie-avec-tesla-pour-utiliser-sa-conduite-autonome\/","title":{"rendered":"Un grand constructeur n\u00e9gocie avec Tesla pour utiliser sa conduite autonome"},"content":{"rendered":"<p><img loading=\"lazy\" width=\"1500\" height=\"1000\" src=\"https:\/\/www.evearly.news\/fr\/wp-content\/uploads\/sites\/6\/2024\/04\/un-grand-constructeur-negocie-avec-tesla-pour-utiliser-sa-conduite-autonome.jpg\" class=\"attachment-full size-full wp-post-image\" alt=\"Tesla Superchargeur\" decoding=\"async\" srcset=\"https:\/\/www.evearly.news\/fr\/wp-content\/uploads\/sites\/6\/2024\/04\/un-grand-constructeur-negocie-avec-tesla-pour-utiliser-sa-conduite-autonome.jpg 1500w, https:\/\/www.evearly.news\/fr\/wp-content\/uploads\/sites\/6\/2024\/04\/un-grand-constructeur-negocie-avec-tesla-pour-utiliser-sa-conduite-autonome-1.jpg 504w, https:\/\/www.evearly.news\/fr\/wp-content\/uploads\/sites\/6\/2024\/04\/un-grand-constructeur-negocie-avec-tesla-pour-utiliser-sa-conduite-autonome-2.jpg 1024w, https:\/\/www.evearly.news\/fr\/wp-content\/uploads\/sites\/6\/2024\/04\/un-grand-constructeur-negocie-avec-tesla-pour-utiliser-sa-conduite-autonome-3.jpg 50w, https:\/\/www.evearly.news\/fr\/wp-content\/uploads\/sites\/6\/2024\/04\/un-grand-constructeur-negocie-avec-tesla-pour-utiliser-sa-conduite-autonome-4.jpg 336w, https:\/\/www.evearly.news\/fr\/wp-content\/uploads\/sites\/6\/2024\/04\/un-grand-constructeur-negocie-avec-tesla-pour-utiliser-sa-conduite-autonome-5.jpg 1400w, https:\/\/www.evearly.news\/fr\/wp-content\/uploads\/sites\/6\/2024\/04\/un-grand-constructeur-negocie-avec-tesla-pour-utiliser-sa-conduite-autonome-6.jpg 680w, https:\/\/www.presse-citron.net\/app\/uploads\/2024\/04\/Tesla-Superchargeur-896x597.jpg 896w\" sizes=\"auto, (max-width: 1500px) 100vw, 1500px\"><\/p>\n<p>Lors d\u2019une t\u00e9l\u00e9conf\u00e9rence, Elon Musk annonce que Tesla est actuellement en n\u00e9gociation avec une grande marque automobile qui est int\u00e9ress\u00e9e par son logiciel de conduite autonome.<a href=\"https:\/\/www.presse-citron.net\/un-grand-constructeur-negocie-avec-tesla-pour-utiliser-sa-conduite-autonome\/\" target=\"blank\" rel=\"noopener\"> Lire la suite&#8230;<\/a><\/p>\n","protected":false},"excerpt":{"rendered":"<p>Lors d\u2019une t\u00e9l\u00e9conf\u00e9rence, Elon Musk annonce que Tesla est actuellement en n\u00e9gociation avec une grande marque automobile qui est int\u00e9ress\u00e9e par son logiciel de conduite autonome&#8230;. <a class=\"continue-reading-link\" href=\"https:\/\/www.evearly.news\/fr\/un-grand-constructeur-negocie-avec-tesla-pour-utiliser-sa-conduite-autonome\/\"><\/a><\/p>\n","protected":false},"author":18,"featured_media":279587,"comment_status":"closed","ping_status":"open","sticky":false,"template":"Default","format":"standard","meta":{"footnotes":""},"categories":[19],"tags":[],"class_list":["post-279586","post","type-post","status-publish","format-standard","has-post-thumbnail","hentry","category-presse-citron"],"_links":{"self":[{"href":"https:\/\/www.evearly.news\/fr\/wp-json\/wp\/v2\/posts\/279586","targetHints":{"allow":["GET"]}}],"collection":[{"href":"https:\/\/www.evearly.news\/fr\/wp-json\/wp\/v2\/posts"}],"about":[{"href":"https:\/\/www.evearly.news\/fr\/wp-json\/wp\/v2\/types\/post"}],"author":[{"embeddable":true,"href":"https:\/\/www.evearly.news\/fr\/wp-json\/wp\/v2\/users\/18"}],"replies":[{"embeddable":true,"href":"https:\/\/www.evearly.news\/fr\/wp-json\/wp\/v2\/comments?post=279586"}],"version-history":[{"count":0,"href":"https:\/\/www.evearly.news\/fr\/wp-json\/wp\/v2\/posts\/279586\/revisions"}],"wp:featuredmedia":[{"embeddable":true,"href":"https:\/\/www.evearly.news\/fr\/wp-json\/wp\/v2\/media\/279587"}],"wp:attachment":[{"href":"https:\/\/www.evearly.news\/fr\/wp-json\/wp\/v2\/media?parent=279586"}],"wp:term":[{"taxonomy":"category","embeddable":true,"href":"https:\/\/www.evearly.news\/fr\/wp-json\/wp\/v2\/categories?post=279586"},{"taxonomy":"post_tag","embeddable":true,"href":"https:\/\/www.evearly.news\/fr\/wp-json\/wp\/v2\/tags?post=279586"}],"curies":[{"name":"wp","href":"https:\/\/api.w.org\/{rel}","templated":true}]}}