{"id":279592,"date":"2024-04-25T09:23:26","date_gmt":"2024-04-25T07:23:26","guid":{"rendered":"https:\/\/www.evearly.news\/fr\/volkswagen-id-code-un-style-plus-fort-et-la-conduite-autonome-de-niveau-4-en-chine-pour-les-futurs-suv-vw\/"},"modified":"2024-04-25T09:23:26","modified_gmt":"2024-04-25T07:23:26","slug":"volkswagen-id-code-un-style-plus-fort-et-la-conduite-autonome-de-niveau-4-en-chine-pour-les-futurs-suv-vw","status":"publish","type":"post","link":"https:\/\/www.evearly.news\/fr\/volkswagen-id-code-un-style-plus-fort-et-la-conduite-autonome-de-niveau-4-en-chine-pour-les-futurs-suv-vw\/","title":{"rendered":"Volkswagen ID Code : un style plus fort et la conduite autonome de niveau 4 en Chine pour les futurs SUV VW ?"},"content":{"rendered":"<div class=\"media_block\"><img decoding=\"async\" src=\"https:\/\/www.evearly.news\/fr\/wp-content\/uploads\/sites\/6\/2024\/04\/volkswagen-id-code-un-style-plus-fort-et-la-conduite-autonome-de-niveau-4-en-chine-pour-les-futurs-suv-vw.jpg\"><\/div>\n<p>Manifeste esth\u00e9tique et technologique, le concept Volkswagen ID.Code nous donne un avant-go\u00fbt des futurs SUV \u00e9lectrique de la gamme\u2026 en Chine. <a href=\"https:\/\/www.automobile-magazine.fr\/actualites\/article\/42732-volkswagen-id-code-un-style-plus-fort-et-la-conduite-autonome-de-niveau-4-en-chine-pour-les-futurs-suv-vw\" target='bwindow' rel=\"noopener\">Lire la suite&#8230;<\/a><\/p>\n","protected":false},"excerpt":{"rendered":"<div class=\"media_block\"><img decoding=\"async\" src=\"https:\/\/www.evearly.news\/fr\/wp-content\/uploads\/sites\/6\/2024\/04\/volkswagen-id-code-un-style-plus-fort-et-la-conduite-autonome-de-niveau-4-en-chine-pour-les-futurs-suv-vw.jpg\"><\/div>\n<p> <a class=\"continue-reading-link\" href=\"https:\/\/www.evearly.news\/fr\/volkswagen-id-code-un-style-plus-fort-et-la-conduite-autonome-de-niveau-4-en-chine-pour-les-futurs-suv-vw\/\"><\/a><\/p>\n","protected":false},"author":7,"featured_media":279593,"comment_status":"closed","ping_status":"open","sticky":false,"template":"Default","format":"standard","meta":{"footnotes":""},"categories":[7],"tags":[],"class_list":["post-279592","post","type-post","status-publish","format-standard","has-post-thumbnail","hentry","category-automobile-magazine"],"_links":{"self":[{"href":"https:\/\/www.evearly.news\/fr\/wp-json\/wp\/v2\/posts\/279592","targetHints":{"allow":["GET"]}}],"collection":[{"href":"https:\/\/www.evearly.news\/fr\/wp-json\/wp\/v2\/posts"}],"about":[{"href":"https:\/\/www.evearly.news\/fr\/wp-json\/wp\/v2\/types\/post"}],"author":[{"embeddable":true,"href":"https:\/\/www.evearly.news\/fr\/wp-json\/wp\/v2\/users\/7"}],"replies":[{"embeddable":true,"href":"https:\/\/www.evearly.news\/fr\/wp-json\/wp\/v2\/comments?post=279592"}],"version-history":[{"count":0,"href":"https:\/\/www.evearly.news\/fr\/wp-json\/wp\/v2\/posts\/279592\/revisions"}],"wp:featuredmedia":[{"embeddable":true,"href":"https:\/\/www.evearly.news\/fr\/wp-json\/wp\/v2\/media\/279593"}],"wp:attachment":[{"href":"https:\/\/www.evearly.news\/fr\/wp-json\/wp\/v2\/media?parent=279592"}],"wp:term":[{"taxonomy":"category","embeddable":true,"href":"https:\/\/www.evearly.news\/fr\/wp-json\/wp\/v2\/categories?post=279592"},{"taxonomy":"post_tag","embeddable":true,"href":"https:\/\/www.evearly.news\/fr\/wp-json\/wp\/v2\/tags?post=279592"}],"curies":[{"name":"wp","href":"https:\/\/api.w.org\/{rel}","templated":true}]}}