{"id":279633,"date":"2024-04-25T13:56:35","date_gmt":"2024-04-25T11:56:35","guid":{"rendered":"https:\/\/www.evearly.news\/fr\/voitures-electriques-ont-elles-un-impact-positif-sur-leffet-de-serre\/"},"modified":"2024-04-25T13:56:35","modified_gmt":"2024-04-25T11:56:35","slug":"voitures-electriques-ont-elles-un-impact-positif-sur-leffet-de-serre","status":"publish","type":"post","link":"https:\/\/www.evearly.news\/fr\/voitures-electriques-ont-elles-un-impact-positif-sur-leffet-de-serre\/","title":{"rendered":"Voitures \u00e9lectriques\u00a0: ont-elles un impact positif sur l\u2019effet de serre\u00a0?"},"content":{"rendered":"<p><img loading=\"lazy\" width=\"1500\" height=\"1000\" src=\"https:\/\/www.evearly.news\/fr\/wp-content\/uploads\/sites\/6\/2024\/04\/voitures-electriques-ont-elles-un-impact-positif-sur-leffet-de-serre.jpg\" class=\"attachment-full size-full wp-post-image\" alt=\"Voiture \u00e9lectrique\" decoding=\"async\" srcset=\"https:\/\/www.evearly.news\/fr\/wp-content\/uploads\/sites\/6\/2024\/04\/voitures-electriques-ont-elles-un-impact-positif-sur-leffet-de-serre.jpg 1500w, https:\/\/www.evearly.news\/fr\/wp-content\/uploads\/sites\/6\/2024\/04\/voitures-electriques-ont-elles-un-impact-positif-sur-leffet-de-serre-1.jpg 504w, https:\/\/www.evearly.news\/fr\/wp-content\/uploads\/sites\/6\/2024\/04\/voitures-electriques-ont-elles-un-impact-positif-sur-leffet-de-serre-2.jpg 1024w, https:\/\/www.evearly.news\/fr\/wp-content\/uploads\/sites\/6\/2024\/04\/voitures-electriques-ont-elles-un-impact-positif-sur-leffet-de-serre-3.jpg 50w, https:\/\/www.evearly.news\/fr\/wp-content\/uploads\/sites\/6\/2024\/04\/voitures-electriques-ont-elles-un-impact-positif-sur-leffet-de-serre-4.jpg 336w, https:\/\/www.evearly.news\/fr\/wp-content\/uploads\/sites\/6\/2024\/04\/voitures-electriques-ont-elles-un-impact-positif-sur-leffet-de-serre-5.jpg 1400w, https:\/\/www.evearly.news\/fr\/wp-content\/uploads\/sites\/6\/2024\/04\/voitures-electriques-ont-elles-un-impact-positif-sur-leffet-de-serre-6.jpg 680w, https:\/\/www.presse-citron.net\/app\/uploads\/2024\/04\/michael-fousert-tgpvjZ-Yw6Q-unsplash-1-896x597.jpg 896w\" sizes=\"auto, (max-width: 1500px) 100vw, 1500px\"><\/p>\n<p>Quelle est la r\u00e9elle contribution des voitures \u00e9lectriques \u00e0 la r\u00e9duction des \u00e9missions de gaz \u00e0 effet de serre ?<a href=\"https:\/\/www.presse-citron.net\/voitures-electriques-ont-elles-un-impact-positif-sur-leffet-de-serre\/\" target=\"blank\" rel=\"noopener\"> Lire la suite&#8230;<\/a><\/p>\n","protected":false},"excerpt":{"rendered":"<p>Quelle est la r\u00e9elle contribution des voitures \u00e9lectriques \u00e0 la r\u00e9duction des \u00e9missions de gaz \u00e0 effet de serre ?&#8230; <a class=\"continue-reading-link\" href=\"https:\/\/www.evearly.news\/fr\/voitures-electriques-ont-elles-un-impact-positif-sur-leffet-de-serre\/\"><\/a><\/p>\n","protected":false},"author":18,"featured_media":279634,"comment_status":"closed","ping_status":"open","sticky":false,"template":"Default","format":"standard","meta":{"footnotes":""},"categories":[19],"tags":[],"class_list":["post-279633","post","type-post","status-publish","format-standard","has-post-thumbnail","hentry","category-presse-citron"],"_links":{"self":[{"href":"https:\/\/www.evearly.news\/fr\/wp-json\/wp\/v2\/posts\/279633","targetHints":{"allow":["GET"]}}],"collection":[{"href":"https:\/\/www.evearly.news\/fr\/wp-json\/wp\/v2\/posts"}],"about":[{"href":"https:\/\/www.evearly.news\/fr\/wp-json\/wp\/v2\/types\/post"}],"author":[{"embeddable":true,"href":"https:\/\/www.evearly.news\/fr\/wp-json\/wp\/v2\/users\/18"}],"replies":[{"embeddable":true,"href":"https:\/\/www.evearly.news\/fr\/wp-json\/wp\/v2\/comments?post=279633"}],"version-history":[{"count":0,"href":"https:\/\/www.evearly.news\/fr\/wp-json\/wp\/v2\/posts\/279633\/revisions"}],"wp:featuredmedia":[{"embeddable":true,"href":"https:\/\/www.evearly.news\/fr\/wp-json\/wp\/v2\/media\/279634"}],"wp:attachment":[{"href":"https:\/\/www.evearly.news\/fr\/wp-json\/wp\/v2\/media?parent=279633"}],"wp:term":[{"taxonomy":"category","embeddable":true,"href":"https:\/\/www.evearly.news\/fr\/wp-json\/wp\/v2\/categories?post=279633"},{"taxonomy":"post_tag","embeddable":true,"href":"https:\/\/www.evearly.news\/fr\/wp-json\/wp\/v2\/tags?post=279633"}],"curies":[{"name":"wp","href":"https:\/\/api.w.org\/{rel}","templated":true}]}}