{"id":279639,"date":"2024-04-25T14:58:52","date_gmt":"2024-04-25T12:58:52","guid":{"rendered":"https:\/\/www.evearly.news\/fr\/voici-la-magnifique-renault-5-e-tech-electrique-roland-garros-avec-des-nouveautes-attrayantes\/"},"modified":"2024-04-25T14:58:52","modified_gmt":"2024-04-25T12:58:52","slug":"voici-la-magnifique-renault-5-e-tech-electrique-roland-garros-avec-des-nouveautes-attrayantes","status":"publish","type":"post","link":"https:\/\/www.evearly.news\/fr\/voici-la-magnifique-renault-5-e-tech-electrique-roland-garros-avec-des-nouveautes-attrayantes\/","title":{"rendered":"Voici la magnifique Renault 5 E-Tech \u00e9lectrique Roland-Garros avec des nouveaut\u00e9s attrayantes"},"content":{"rendered":"<p><img width=\"1200\" height=\"782\" src=\"https:\/\/www.evearly.news\/fr\/wp-content\/uploads\/sites\/6\/2024\/04\/voici-la-magnifique-renault-5-e-tech-electrique-roland-garros-avec-des-nouveautes-attrayantes.jpg\" class=\"attachment-large size-large wp-post-image\" alt=\"\" decoding=\"async\" loading=\"lazy\" \/<br \/>La commercialisation de la Renault 5 E-Tech, aussi appel\u00e9e R5 \u00e9lectrique, est attendue de pied ferme. Avec un prix de d\u00e9part \u00e0 moins de 25 000 euros, elle devrait faire un carton. Le constructeur fran\u00e7ais vient de lever le voile sur une \u00e9dition sp\u00e9ciale Roland-Garros. <a href=\"https:\/\/www.frandroid.com\/marques\/renault\/2004370_voici-la-magnifique-renault-5-e-tech-electrique-roland-garros-avec-des-nouveautes-attrayantes\" target=\"blank\" rel=\"noopener\">Lire la suite&#8230;<\/a><\/p>\n","protected":false},"excerpt":{"rendered":"<p>&lt;img width=&quot;1200&quot; height=&quot;782&quot; src=&quot;https:\/\/www.evearly.news\/fr\/wp-content\/uploads\/sites\/6\/2024\/04\/voici-la-magnifique-renault-5-e-tech-electrique-roland-garros-avec-des-nouveautes-attrayantes.jpg&quot; class=&quot;attachment-large size-large wp-post-image&quot; alt=&quot;&quot; decoding=&quot;async&quot; loading=&quot;lazy&quot; \/<br \/>La commercialisation de la Renault 5 E-Tech, aussi appel\u00e9e R5 \u00e9lectrique, est attendue de pied ferme. Avec un prix de d\u00e9part \u00e0 moins de 25 000 euros, elle devrait faire un carton. Le constructeur fran\u00e7ais vient de lever le voile sur une \u00e9dition sp\u00e9ciale Roland-Garros.<\/p>\n<p> <a class=\"continue-reading-link\" href=\"https:\/\/www.evearly.news\/fr\/voici-la-magnifique-renault-5-e-tech-electrique-roland-garros-avec-des-nouveautes-attrayantes\/\"><\/a><\/p>\n","protected":false},"author":6,"featured_media":279640,"comment_status":"closed","ping_status":"open","sticky":false,"template":"Default","format":"standard","meta":{"footnotes":""},"categories":[14],"tags":[],"class_list":["post-279639","post","type-post","status-publish","format-standard","has-post-thumbnail","hentry","category-frandroid"],"_links":{"self":[{"href":"https:\/\/www.evearly.news\/fr\/wp-json\/wp\/v2\/posts\/279639","targetHints":{"allow":["GET"]}}],"collection":[{"href":"https:\/\/www.evearly.news\/fr\/wp-json\/wp\/v2\/posts"}],"about":[{"href":"https:\/\/www.evearly.news\/fr\/wp-json\/wp\/v2\/types\/post"}],"author":[{"embeddable":true,"href":"https:\/\/www.evearly.news\/fr\/wp-json\/wp\/v2\/users\/6"}],"replies":[{"embeddable":true,"href":"https:\/\/www.evearly.news\/fr\/wp-json\/wp\/v2\/comments?post=279639"}],"version-history":[{"count":0,"href":"https:\/\/www.evearly.news\/fr\/wp-json\/wp\/v2\/posts\/279639\/revisions"}],"wp:featuredmedia":[{"embeddable":true,"href":"https:\/\/www.evearly.news\/fr\/wp-json\/wp\/v2\/media\/279640"}],"wp:attachment":[{"href":"https:\/\/www.evearly.news\/fr\/wp-json\/wp\/v2\/media?parent=279639"}],"wp:term":[{"taxonomy":"category","embeddable":true,"href":"https:\/\/www.evearly.news\/fr\/wp-json\/wp\/v2\/categories?post=279639"},{"taxonomy":"post_tag","embeddable":true,"href":"https:\/\/www.evearly.news\/fr\/wp-json\/wp\/v2\/tags?post=279639"}],"curies":[{"name":"wp","href":"https:\/\/api.w.org\/{rel}","templated":true}]}}