{"id":279641,"date":"2024-04-25T15:50:06","date_gmt":"2024-04-25T13:50:06","guid":{"rendered":"https:\/\/www.evearly.news\/fr\/improbable-peugeot-devoile-la-nouvelle-e-408-100-electrique-sur-linkedin\/"},"modified":"2024-04-25T15:50:06","modified_gmt":"2024-04-25T13:50:06","slug":"improbable-peugeot-devoile-la-nouvelle-e-408-100-electrique-sur-linkedin","status":"publish","type":"post","link":"https:\/\/www.evearly.news\/fr\/improbable-peugeot-devoile-la-nouvelle-e-408-100-electrique-sur-linkedin\/","title":{"rendered":"Improbable : Peugeot d\u00e9voile la nouvelle E-408 100% \u00e9lectrique sur\u2026 LinkedIn"},"content":{"rendered":"<p><img decoding=\"async\" src=\"https:\/\/www.evearly.news\/fr\/wp-content\/uploads\/sites\/6\/2024\/04\/improbable-peugeot-devoile-la-nouvelle-e-408-100-electrique-sur-linkedin.webp\" alt=\"auto-moto\"><br \/>Une fois n\u2019est pas coutume, c\u2019est par le biais du c\u00e9l\u00e8bre r\u00e9seau social professionnel que la variante 100% \u00e9lectrique de la berline sochalienne est r\u00e9v\u00e9l\u00e9e pour la toute premi\u00e8re fois. <a href=\"https:\/\/www.auto-moto.com\/berline-familiale\/peugeot-nouvelle-e408-electrique-linkedin-33745\" target=\"blank\" rel=\"noopener\">Lire la suite&#8230;<\/a><\/p>\n","protected":false},"excerpt":{"rendered":"<p>Une fois n\u2019est pas coutume, c\u2019est par le biais du c\u00e9l\u00e8bre r\u00e9seau social professionnel que la variante 100% \u00e9lectrique de la berline sochalienne est r\u00e9v\u00e9l\u00e9e pour la toute premi\u00e8re fois&#8230;. <a class=\"continue-reading-link\" href=\"https:\/\/www.evearly.news\/fr\/improbable-peugeot-devoile-la-nouvelle-e-408-100-electrique-sur-linkedin\/\"><\/a><\/p>\n","protected":false},"author":9,"featured_media":279642,"comment_status":"closed","ping_status":"open","sticky":false,"template":"Default","format":"standard","meta":{"footnotes":""},"categories":[10],"tags":[],"class_list":["post-279641","post","type-post","status-publish","format-standard","has-post-thumbnail","hentry","category-auto-moto-com"],"_links":{"self":[{"href":"https:\/\/www.evearly.news\/fr\/wp-json\/wp\/v2\/posts\/279641","targetHints":{"allow":["GET"]}}],"collection":[{"href":"https:\/\/www.evearly.news\/fr\/wp-json\/wp\/v2\/posts"}],"about":[{"href":"https:\/\/www.evearly.news\/fr\/wp-json\/wp\/v2\/types\/post"}],"author":[{"embeddable":true,"href":"https:\/\/www.evearly.news\/fr\/wp-json\/wp\/v2\/users\/9"}],"replies":[{"embeddable":true,"href":"https:\/\/www.evearly.news\/fr\/wp-json\/wp\/v2\/comments?post=279641"}],"version-history":[{"count":0,"href":"https:\/\/www.evearly.news\/fr\/wp-json\/wp\/v2\/posts\/279641\/revisions"}],"wp:featuredmedia":[{"embeddable":true,"href":"https:\/\/www.evearly.news\/fr\/wp-json\/wp\/v2\/media\/279642"}],"wp:attachment":[{"href":"https:\/\/www.evearly.news\/fr\/wp-json\/wp\/v2\/media?parent=279641"}],"wp:term":[{"taxonomy":"category","embeddable":true,"href":"https:\/\/www.evearly.news\/fr\/wp-json\/wp\/v2\/categories?post=279641"},{"taxonomy":"post_tag","embeddable":true,"href":"https:\/\/www.evearly.news\/fr\/wp-json\/wp\/v2\/tags?post=279641"}],"curies":[{"name":"wp","href":"https:\/\/api.w.org\/{rel}","templated":true}]}}