{"id":279643,"date":"2024-04-25T15:51:14","date_gmt":"2024-04-25T13:51:14","guid":{"rendered":"https:\/\/www.evearly.news\/fr\/bornes-de-recharge-une-nouvelle-offre-pour-les-flottes-electriques-des-entreprises-chez-electra\/"},"modified":"2024-04-25T15:51:14","modified_gmt":"2024-04-25T13:51:14","slug":"bornes-de-recharge-une-nouvelle-offre-pour-les-flottes-electriques-des-entreprises-chez-electra","status":"publish","type":"post","link":"https:\/\/www.evearly.news\/fr\/bornes-de-recharge-une-nouvelle-offre-pour-les-flottes-electriques-des-entreprises-chez-electra\/","title":{"rendered":"Bornes de recharge : une nouvelle offre pour les flottes \u00e9lectriques des entreprises chez Electra"},"content":{"rendered":"<p><img decoding=\"async\" width=\"500\" height=\"333\" src=\"https:\/\/www.evearly.news\/fr\/wp-content\/uploads\/sites\/6\/2024\/04\/bornes-de-recharge-une-nouvelle-offre-pour-les-flottes-electriques-des-entreprises-chez-electra.jpg\" class=\"attachment-1200x800 size-1200x800 wp-post-image\" alt=\"\" loading=\"lazy\" srcset=\"https:\/\/www.evearly.news\/fr\/wp-content\/uploads\/sites\/6\/2024\/04\/bornes-de-recharge-une-nouvelle-offre-pour-les-flottes-electriques-des-entreprises-chez-electra.jpg 1400w, https:\/\/www.evearly.news\/fr\/wp-content\/uploads\/sites\/6\/2024\/04\/bornes-de-recharge-une-nouvelle-offre-pour-les-flottes-electriques-des-entreprises-chez-electra-1.jpg 1200w, https:\/\/www.evearly.news\/fr\/wp-content\/uploads\/sites\/6\/2024\/04\/bornes-de-recharge-une-nouvelle-offre-pour-les-flottes-electriques-des-entreprises-chez-electra-2.jpg 1024w, https:\/\/www.evearly.news\/fr\/wp-content\/uploads\/sites\/6\/2024\/04\/bornes-de-recharge-une-nouvelle-offre-pour-les-flottes-electriques-des-entreprises-chez-electra-3.jpg 768w, https:\/\/cdn.automobile-propre.com\/uploads\/2022\/06\/electra-charge-rapide-620x397.jpg 620w\" sizes=\"auto, (max-width: 1200px) 100vw, 1200px\" \/><br \/>\nElectra s\u2019attaque \u00e0 un nouveau march\u00e9. Cette soci\u00e9t\u00e9 fran\u00e7aise sp\u00e9cialis\u00e9e dans la recharge rapide veut \u00e9quiper les professionnels en bornes\u2026\u00a0<a href=\"https:\/\/www.automobile-propre.com\/electra-etend-son-offre-et-propose-desormais-dequiper-les-entreprises-en-bornes-de-recharge\/\" target='bwindow' rel=\"noopener\">Lire la suite&#8230;<\/a><\/p>\n","protected":false},"excerpt":{"rendered":"<p>&#8230; <a class=\"continue-reading-link\" href=\"https:\/\/www.evearly.news\/fr\/bornes-de-recharge-une-nouvelle-offre-pour-les-flottes-electriques-des-entreprises-chez-electra\/\"><\/a><\/p>\n","protected":false},"author":8,"featured_media":279644,"comment_status":"closed","ping_status":"open","sticky":false,"template":"Default","format":"standard","meta":{"footnotes":""},"categories":[8],"tags":[],"class_list":["post-279643","post","type-post","status-publish","format-standard","has-post-thumbnail","hentry","category-automobile-propre"],"_links":{"self":[{"href":"https:\/\/www.evearly.news\/fr\/wp-json\/wp\/v2\/posts\/279643","targetHints":{"allow":["GET"]}}],"collection":[{"href":"https:\/\/www.evearly.news\/fr\/wp-json\/wp\/v2\/posts"}],"about":[{"href":"https:\/\/www.evearly.news\/fr\/wp-json\/wp\/v2\/types\/post"}],"author":[{"embeddable":true,"href":"https:\/\/www.evearly.news\/fr\/wp-json\/wp\/v2\/users\/8"}],"replies":[{"embeddable":true,"href":"https:\/\/www.evearly.news\/fr\/wp-json\/wp\/v2\/comments?post=279643"}],"version-history":[{"count":0,"href":"https:\/\/www.evearly.news\/fr\/wp-json\/wp\/v2\/posts\/279643\/revisions"}],"wp:featuredmedia":[{"embeddable":true,"href":"https:\/\/www.evearly.news\/fr\/wp-json\/wp\/v2\/media\/279644"}],"wp:attachment":[{"href":"https:\/\/www.evearly.news\/fr\/wp-json\/wp\/v2\/media?parent=279643"}],"wp:term":[{"taxonomy":"category","embeddable":true,"href":"https:\/\/www.evearly.news\/fr\/wp-json\/wp\/v2\/categories?post=279643"},{"taxonomy":"post_tag","embeddable":true,"href":"https:\/\/www.evearly.news\/fr\/wp-json\/wp\/v2\/tags?post=279643"}],"curies":[{"name":"wp","href":"https:\/\/api.w.org\/{rel}","templated":true}]}}