{"id":279649,"date":"2024-04-25T15:56:48","date_gmt":"2024-04-25T13:56:48","guid":{"rendered":"https:\/\/www.evearly.news\/fr\/byd-devoile-sa-voiture-electrique-concurrente-du-tesla-model-y-la-jolie-sea-lion-07-au-style-coupe\/"},"modified":"2024-04-25T15:56:48","modified_gmt":"2024-04-25T13:56:48","slug":"byd-devoile-sa-voiture-electrique-concurrente-du-tesla-model-y-la-jolie-sea-lion-07-au-style-coupe","status":"publish","type":"post","link":"https:\/\/www.evearly.news\/fr\/byd-devoile-sa-voiture-electrique-concurrente-du-tesla-model-y-la-jolie-sea-lion-07-au-style-coupe\/","title":{"rendered":"BYD d\u00e9voile sa voiture \u00e9lectrique concurrente du Tesla Model Y : la jolie Sea Lion 07 au style \u00ab\u00a0coup\u00e9\u00a0\u00bb"},"content":{"rendered":"<p><img width=\"1200\" height=\"675\" src=\"https:\/\/www.evearly.news\/fr\/wp-content\/uploads\/sites\/6\/2024\/04\/byd-devoile-sa-voiture-electrique-concurrente-du-tesla-model-y-la-jolie-sea-lion-07-au-style-coupe.jpg\" class=\"attachment-large size-large wp-post-image\" alt=\"\" decoding=\"async\" loading=\"lazy\" \/<br \/>En marge du Salon de P\u00e9kin, BYD pr\u00e9sente plusieurs nouveaut\u00e9s, \u00e0 commencer par le SUV Sea Lion 07 EV, un mod\u00e8le plut\u00f4t haut de gamme r\u00e9serv\u00e9 pour le moment au march\u00e9 chinois mais qui aurait toute sa place en Europe compte tenu de ses caract\u00e9ristiques techniques. <a href=\"https:\/\/www.frandroid.com\/marques\/byd\/2004412_byd-devoile-sa-voiture-electrique-concurrente-du-tesla-model-y-la-jolie-sea-lion-07-au-style-coupe\" target=\"blank\" rel=\"noopener\">Lire la suite&#8230;<\/a><\/p>\n","protected":false},"excerpt":{"rendered":"<p>&lt;img width=&quot;1200&quot; height=&quot;675&quot; src=&quot;https:\/\/www.evearly.news\/fr\/wp-content\/uploads\/sites\/6\/2024\/04\/byd-devoile-sa-voiture-electrique-concurrente-du-tesla-model-y-la-jolie-sea-lion-07-au-style-coupe.jpg&quot; class=&quot;attachment-large size-large wp-post-image&quot; alt=&quot;&quot; decoding=&quot;async&quot; loading=&quot;lazy&quot; \/<br \/>En marge du Salon de P\u00e9kin, BYD pr\u00e9sente plusieurs nouveaut\u00e9s, \u00e0 commencer par le SUV Sea Lion 07 EV, un mod\u00e8le plut\u00f4t haut de gamme r\u00e9serv\u00e9 pour le moment au march\u00e9 chinois mais qui aurait toute sa place en Europe compte tenu de ses caract\u00e9ristiques techniques.<\/p>\n<p> <a class=\"continue-reading-link\" href=\"https:\/\/www.evearly.news\/fr\/byd-devoile-sa-voiture-electrique-concurrente-du-tesla-model-y-la-jolie-sea-lion-07-au-style-coupe\/\"><\/a><\/p>\n","protected":false},"author":6,"featured_media":279650,"comment_status":"closed","ping_status":"open","sticky":false,"template":"Default","format":"standard","meta":{"footnotes":""},"categories":[14],"tags":[],"class_list":["post-279649","post","type-post","status-publish","format-standard","has-post-thumbnail","hentry","category-frandroid"],"_links":{"self":[{"href":"https:\/\/www.evearly.news\/fr\/wp-json\/wp\/v2\/posts\/279649","targetHints":{"allow":["GET"]}}],"collection":[{"href":"https:\/\/www.evearly.news\/fr\/wp-json\/wp\/v2\/posts"}],"about":[{"href":"https:\/\/www.evearly.news\/fr\/wp-json\/wp\/v2\/types\/post"}],"author":[{"embeddable":true,"href":"https:\/\/www.evearly.news\/fr\/wp-json\/wp\/v2\/users\/6"}],"replies":[{"embeddable":true,"href":"https:\/\/www.evearly.news\/fr\/wp-json\/wp\/v2\/comments?post=279649"}],"version-history":[{"count":0,"href":"https:\/\/www.evearly.news\/fr\/wp-json\/wp\/v2\/posts\/279649\/revisions"}],"wp:featuredmedia":[{"embeddable":true,"href":"https:\/\/www.evearly.news\/fr\/wp-json\/wp\/v2\/media\/279650"}],"wp:attachment":[{"href":"https:\/\/www.evearly.news\/fr\/wp-json\/wp\/v2\/media?parent=279649"}],"wp:term":[{"taxonomy":"category","embeddable":true,"href":"https:\/\/www.evearly.news\/fr\/wp-json\/wp\/v2\/categories?post=279649"},{"taxonomy":"post_tag","embeddable":true,"href":"https:\/\/www.evearly.news\/fr\/wp-json\/wp\/v2\/tags?post=279649"}],"curies":[{"name":"wp","href":"https:\/\/api.w.org\/{rel}","templated":true}]}}