{"id":279655,"date":"2024-04-25T16:54:55","date_gmt":"2024-04-25T14:54:55","guid":{"rendered":"https:\/\/www.evearly.news\/fr\/le-plus-grand-concurrent-de-tesla-devoile-une-voiture-electrique-a-mi-chemin-entre-une-ferrari-et-une-porsche\/"},"modified":"2024-04-25T16:54:55","modified_gmt":"2024-04-25T14:54:55","slug":"le-plus-grand-concurrent-de-tesla-devoile-une-voiture-electrique-a-mi-chemin-entre-une-ferrari-et-une-porsche","status":"publish","type":"post","link":"https:\/\/www.evearly.news\/fr\/le-plus-grand-concurrent-de-tesla-devoile-une-voiture-electrique-a-mi-chemin-entre-une-ferrari-et-une-porsche\/","title":{"rendered":"Le plus grand concurrent de Tesla d\u00e9voile une voiture \u00e9lectrique \u00e0 mi-chemin entre une Ferrari et une Porsche"},"content":{"rendered":"<p><img width=\"1200\" height=\"628\" src=\"https:\/\/www.evearly.news\/fr\/wp-content\/uploads\/sites\/6\/2024\/04\/le-plus-grand-concurrent-de-tesla-devoile-une-voiture-electrique-a-mi-chemin-entre-une-ferrari-et-une-porsche.jpg\" class=\"attachment-large size-large wp-post-image\" alt=\"\" decoding=\"async\" loading=\"lazy\" \/<br \/>Au Salon de P\u00e9kin, BYD, via sa marque haut de gamme Denza, pr\u00e9sente une nouvelle berline 100 % \u00e9lectrique qui semble tout droit s&rsquo;inspirer de la Porsche Panamera, mais qui va plut\u00f4t viser des berlines \u00e9lectriques ultra-performantes, \u00e0 commencer par la Tesla Model S Plaid ou encore la Porsche Taycan Turbo GT. <a href=\"https:\/\/www.frandroid.com\/marques\/byd\/2004632_le-plus-grand-concurrent-de-tesla-devoile-une-voiture-electrique-a-mi-chemin-entre-une-ferrari-et-une-porsche\" target=\"blank\" rel=\"noopener\">Lire la suite&#8230;<\/a><\/p>\n","protected":false},"excerpt":{"rendered":"<p>&lt;img width=&quot;1200&quot; height=&quot;628&quot; src=&quot;https:\/\/www.evearly.news\/fr\/wp-content\/uploads\/sites\/6\/2024\/04\/le-plus-grand-concurrent-de-tesla-devoile-une-voiture-electrique-a-mi-chemin-entre-une-ferrari-et-une-porsche.jpg&quot; class=&quot;attachment-large size-large wp-post-image&quot; alt=&quot;&quot; decoding=&quot;async&quot; loading=&quot;lazy&quot; \/<br \/>Au Salon de P\u00e9kin, BYD, via sa marque haut de gamme Denza, pr\u00e9sente une nouvelle berline 100 % \u00e9lectrique qui semble tout droit s&rsquo;inspirer de la Porsche Panamera, mais qui va plut\u00f4t viser des berlines \u00e9lectriques ultra-performantes, \u00e0 commencer par la Tesla Model S Plaid ou encore la Porsche Taycan Turbo GT.<\/p>\n<p> <a class=\"continue-reading-link\" href=\"https:\/\/www.evearly.news\/fr\/le-plus-grand-concurrent-de-tesla-devoile-une-voiture-electrique-a-mi-chemin-entre-une-ferrari-et-une-porsche\/\"><\/a><\/p>\n","protected":false},"author":6,"featured_media":279656,"comment_status":"closed","ping_status":"open","sticky":false,"template":"Default","format":"standard","meta":{"footnotes":""},"categories":[14],"tags":[],"class_list":["post-279655","post","type-post","status-publish","format-standard","has-post-thumbnail","hentry","category-frandroid"],"_links":{"self":[{"href":"https:\/\/www.evearly.news\/fr\/wp-json\/wp\/v2\/posts\/279655","targetHints":{"allow":["GET"]}}],"collection":[{"href":"https:\/\/www.evearly.news\/fr\/wp-json\/wp\/v2\/posts"}],"about":[{"href":"https:\/\/www.evearly.news\/fr\/wp-json\/wp\/v2\/types\/post"}],"author":[{"embeddable":true,"href":"https:\/\/www.evearly.news\/fr\/wp-json\/wp\/v2\/users\/6"}],"replies":[{"embeddable":true,"href":"https:\/\/www.evearly.news\/fr\/wp-json\/wp\/v2\/comments?post=279655"}],"version-history":[{"count":0,"href":"https:\/\/www.evearly.news\/fr\/wp-json\/wp\/v2\/posts\/279655\/revisions"}],"wp:featuredmedia":[{"embeddable":true,"href":"https:\/\/www.evearly.news\/fr\/wp-json\/wp\/v2\/media\/279656"}],"wp:attachment":[{"href":"https:\/\/www.evearly.news\/fr\/wp-json\/wp\/v2\/media?parent=279655"}],"wp:term":[{"taxonomy":"category","embeddable":true,"href":"https:\/\/www.evearly.news\/fr\/wp-json\/wp\/v2\/categories?post=279655"},{"taxonomy":"post_tag","embeddable":true,"href":"https:\/\/www.evearly.news\/fr\/wp-json\/wp\/v2\/tags?post=279655"}],"curies":[{"name":"wp","href":"https:\/\/api.w.org\/{rel}","templated":true}]}}