{"id":279657,"date":"2024-04-25T17:23:29","date_gmt":"2024-04-25T15:23:29","guid":{"rendered":"https:\/\/www.evearly.news\/fr\/volkswagen-ne-voudrait-finalement-pas-de-la-renault-twingo-electrique\/"},"modified":"2024-04-25T17:23:29","modified_gmt":"2024-04-25T15:23:29","slug":"volkswagen-ne-voudrait-finalement-pas-de-la-renault-twingo-electrique","status":"publish","type":"post","link":"https:\/\/www.evearly.news\/fr\/volkswagen-ne-voudrait-finalement-pas-de-la-renault-twingo-electrique\/","title":{"rendered":"Volkswagen ne voudrait finalement pas de la Renault Twingo \u00e9lectrique"},"content":{"rendered":"<p><img decoding=\"async\" src=\"https:\/\/www.evearly.news\/fr\/wp-content\/uploads\/sites\/6\/2024\/04\/volkswagen-ne-voudrait-finalement-pas-de-la-renault-twingo-electrique.jpg\"\/><br \/>\n\t\t\t\t\tAlors qu\u2019on \u00e9voquait r\u00e9cemment une alliance entre Volkswagen et Renault sur la conception de leurs futures micro-citadines \u00e9lectriques \u00e0 bas prix, le constructeur allemand pourrait pr\u00e9f\u00e9rer se d\u00e9brouiller sans les Fran\u00e7ais. <a href=\"https:\/\/www.caradisiac.com\/volkswagen-ne-voudrait-finalement-pas-de-la-renault-twingo-electrique-208439.htm#xtor=RSS-40\" target=\"blank\" rel=\"noopener\">Lire la suite&#8230;<\/a><\/p>\n","protected":false},"excerpt":{"rendered":"<p><img decoding=\"async\" src=\"https:\/\/www.evearly.news\/fr\/wp-content\/uploads\/sites\/6\/2024\/04\/volkswagen-ne-voudrait-finalement-pas-de-la-renault-twingo-electrique.jpg\" \/><br \/>\n\t\t\t\t\tAlors qu\u2019on \u00e9voquait r\u00e9cemment une alliance entre Volkswagen et Renault sur la conception de leurs futures micro-citadines \u00e9lectriques \u00e0 bas prix, le constructeur allemand pourrait pr\u00e9f\u00e9rer se d\u00e9brouiller sans les Fran\u00e7ais.<\/p>\n<p> <a class=\"continue-reading-link\" href=\"https:\/\/www.evearly.news\/fr\/volkswagen-ne-voudrait-finalement-pas-de-la-renault-twingo-electrique\/\"><\/a><\/p>\n","protected":false},"author":11,"featured_media":279658,"comment_status":"closed","ping_status":"open","sticky":false,"template":"Default","format":"standard","meta":{"footnotes":""},"categories":[11],"tags":[],"class_list":["post-279657","post","type-post","status-publish","format-standard","has-post-thumbnail","hentry","category-caradisiac"],"_links":{"self":[{"href":"https:\/\/www.evearly.news\/fr\/wp-json\/wp\/v2\/posts\/279657","targetHints":{"allow":["GET"]}}],"collection":[{"href":"https:\/\/www.evearly.news\/fr\/wp-json\/wp\/v2\/posts"}],"about":[{"href":"https:\/\/www.evearly.news\/fr\/wp-json\/wp\/v2\/types\/post"}],"author":[{"embeddable":true,"href":"https:\/\/www.evearly.news\/fr\/wp-json\/wp\/v2\/users\/11"}],"replies":[{"embeddable":true,"href":"https:\/\/www.evearly.news\/fr\/wp-json\/wp\/v2\/comments?post=279657"}],"version-history":[{"count":0,"href":"https:\/\/www.evearly.news\/fr\/wp-json\/wp\/v2\/posts\/279657\/revisions"}],"wp:featuredmedia":[{"embeddable":true,"href":"https:\/\/www.evearly.news\/fr\/wp-json\/wp\/v2\/media\/279658"}],"wp:attachment":[{"href":"https:\/\/www.evearly.news\/fr\/wp-json\/wp\/v2\/media?parent=279657"}],"wp:term":[{"taxonomy":"category","embeddable":true,"href":"https:\/\/www.evearly.news\/fr\/wp-json\/wp\/v2\/categories?post=279657"},{"taxonomy":"post_tag","embeddable":true,"href":"https:\/\/www.evearly.news\/fr\/wp-json\/wp\/v2\/tags?post=279657"}],"curies":[{"name":"wp","href":"https:\/\/api.w.org\/{rel}","templated":true}]}}