{"id":279665,"date":"2024-04-25T18:22:51","date_gmt":"2024-04-25T16:22:51","guid":{"rendered":"https:\/\/www.evearly.news\/fr\/mazda-arata-le-scenic-de-mazda-est-attendu-en-2025\/"},"modified":"2024-04-25T18:22:51","modified_gmt":"2024-04-25T16:22:51","slug":"mazda-arata-le-scenic-de-mazda-est-attendu-en-2025","status":"publish","type":"post","link":"https:\/\/www.evearly.news\/fr\/mazda-arata-le-scenic-de-mazda-est-attendu-en-2025\/","title":{"rendered":"Mazda Arata : le \u00ab Sc\u00e9nic \u00bb de Mazda est attendu en 2025"},"content":{"rendered":"<div class=\"media_block\"><img decoding=\"async\" src=\"https:\/\/www.evearly.news\/fr\/wp-content\/uploads\/sites\/6\/2024\/04\/mazda-arata-le-scenic-de-mazda-est-attendu-en-2025.jpg\"><\/div>\n<p>Au salon de P\u00e9kin, Mazda n\u2019est pas venu les mains vides, la marque nippone pr\u00e9sente une nouvelle g\u00e9n\u00e9ration de Mazda 6 baptis\u00e9e EZ-6 100 % \u00e9lectrique et PHEV ainsi que le SUV Arata tr\u00e8s prometteur. <a href=\"https:\/\/www.automobile-magazine.fr\/toute-l-actualite\/article\/42745-mazda-arata-le-scenic-de-mazda-est-attendu-en-2025\" target='bwindow' rel=\"noopener\">Lire la suite&#8230;<\/a><\/p>\n","protected":false},"excerpt":{"rendered":"<div class=\"media_block\"><img decoding=\"async\" src=\"https:\/\/www.evearly.news\/fr\/wp-content\/uploads\/sites\/6\/2024\/04\/mazda-arata-le-scenic-de-mazda-est-attendu-en-2025.jpg\"><\/div>\n<p> <a class=\"continue-reading-link\" href=\"https:\/\/www.evearly.news\/fr\/mazda-arata-le-scenic-de-mazda-est-attendu-en-2025\/\"><\/a><\/p>\n","protected":false},"author":7,"featured_media":279666,"comment_status":"closed","ping_status":"open","sticky":false,"template":"Default","format":"standard","meta":{"footnotes":""},"categories":[7],"tags":[],"class_list":["post-279665","post","type-post","status-publish","format-standard","has-post-thumbnail","hentry","category-automobile-magazine"],"_links":{"self":[{"href":"https:\/\/www.evearly.news\/fr\/wp-json\/wp\/v2\/posts\/279665","targetHints":{"allow":["GET"]}}],"collection":[{"href":"https:\/\/www.evearly.news\/fr\/wp-json\/wp\/v2\/posts"}],"about":[{"href":"https:\/\/www.evearly.news\/fr\/wp-json\/wp\/v2\/types\/post"}],"author":[{"embeddable":true,"href":"https:\/\/www.evearly.news\/fr\/wp-json\/wp\/v2\/users\/7"}],"replies":[{"embeddable":true,"href":"https:\/\/www.evearly.news\/fr\/wp-json\/wp\/v2\/comments?post=279665"}],"version-history":[{"count":0,"href":"https:\/\/www.evearly.news\/fr\/wp-json\/wp\/v2\/posts\/279665\/revisions"}],"wp:featuredmedia":[{"embeddable":true,"href":"https:\/\/www.evearly.news\/fr\/wp-json\/wp\/v2\/media\/279666"}],"wp:attachment":[{"href":"https:\/\/www.evearly.news\/fr\/wp-json\/wp\/v2\/media?parent=279665"}],"wp:term":[{"taxonomy":"category","embeddable":true,"href":"https:\/\/www.evearly.news\/fr\/wp-json\/wp\/v2\/categories?post=279665"},{"taxonomy":"post_tag","embeddable":true,"href":"https:\/\/www.evearly.news\/fr\/wp-json\/wp\/v2\/tags?post=279665"}],"curies":[{"name":"wp","href":"https:\/\/api.w.org\/{rel}","templated":true}]}}