{"id":279718,"date":"2024-04-26T15:52:10","date_gmt":"2024-04-26T13:52:10","guid":{"rendered":"https:\/\/www.evearly.news\/fr\/des-dizaines-de-bornes-de-recharge-ultra-rapide-arrivent-sur-la63-entre-bordeaux-et-lespagne\/"},"modified":"2024-04-26T15:52:10","modified_gmt":"2024-04-26T13:52:10","slug":"des-dizaines-de-bornes-de-recharge-ultra-rapide-arrivent-sur-la63-entre-bordeaux-et-lespagne","status":"publish","type":"post","link":"https:\/\/www.evearly.news\/fr\/des-dizaines-de-bornes-de-recharge-ultra-rapide-arrivent-sur-la63-entre-bordeaux-et-lespagne\/","title":{"rendered":"Des dizaines de bornes de recharge ultra-rapide arrivent sur l\u2019A63 entre Bordeaux et l\u2019Espagne"},"content":{"rendered":"<p><img decoding=\"async\" width=\"500\" height=\"333\" src=\"https:\/\/www.evearly.news\/fr\/wp-content\/uploads\/sites\/6\/2024\/04\/des-dizaines-de-bornes-de-recharge-ultra-rapide-arrivent-sur-la63-entre-bordeaux-et-lespagne.jpg\" class=\"attachment-1200x800 size-1200x800 wp-post-image\" alt=\"\" loading=\"lazy\" srcset=\"https:\/\/www.evearly.news\/fr\/wp-content\/uploads\/sites\/6\/2024\/04\/des-dizaines-de-bornes-de-recharge-ultra-rapide-arrivent-sur-la63-entre-bordeaux-et-lespagne.jpg 1926w, https:\/\/www.evearly.news\/fr\/wp-content\/uploads\/sites\/6\/2024\/04\/des-dizaines-de-bornes-de-recharge-ultra-rapide-arrivent-sur-la63-entre-bordeaux-et-lespagne-1.jpg 1640w, https:\/\/www.evearly.news\/fr\/wp-content\/uploads\/sites\/6\/2024\/04\/des-dizaines-de-bornes-de-recharge-ultra-rapide-arrivent-sur-la63-entre-bordeaux-et-lespagne-2.jpg 1024w, https:\/\/www.evearly.news\/fr\/wp-content\/uploads\/sites\/6\/2024\/04\/des-dizaines-de-bornes-de-recharge-ultra-rapide-arrivent-sur-la63-entre-bordeaux-et-lespagne-3.jpg 768w, https:\/\/www.evearly.news\/fr\/wp-content\/uploads\/sites\/6\/2024\/04\/des-dizaines-de-bornes-de-recharge-ultra-rapide-arrivent-sur-la63-entre-bordeaux-et-lespagne-4.jpg 1536w, https:\/\/cdn.automobile-propre.com\/uploads\/2024\/04\/station_Porte_des_Landes_Est-620x286.jpg 620w\" sizes=\"auto, (max-width: 1200px) 100vw, 1200px\" \/><br \/>\nBonne nouvelle pour ceux qui partent en direction de l\u2019Espagne cet \u00e9t\u00e9 avec un mod\u00e8le \u00e9lectrique : quatre nouvelles stations\u2026\u00a0<a href=\"https:\/\/www.automobile-propre.com\/des-dizaines-de-bornes-de-recharge-ultra-rapide-arrivent-sur-la63-entre-bordeaux-et-lespagne\/\" target='bwindow' rel=\"noopener\">Lire la suite&#8230;<\/a><\/p>\n","protected":false},"excerpt":{"rendered":"<p>&#8230; <a class=\"continue-reading-link\" href=\"https:\/\/www.evearly.news\/fr\/des-dizaines-de-bornes-de-recharge-ultra-rapide-arrivent-sur-la63-entre-bordeaux-et-lespagne\/\"><\/a><\/p>\n","protected":false},"author":8,"featured_media":279719,"comment_status":"closed","ping_status":"open","sticky":false,"template":"Default","format":"standard","meta":{"footnotes":""},"categories":[8],"tags":[],"class_list":["post-279718","post","type-post","status-publish","format-standard","has-post-thumbnail","hentry","category-automobile-propre"],"_links":{"self":[{"href":"https:\/\/www.evearly.news\/fr\/wp-json\/wp\/v2\/posts\/279718","targetHints":{"allow":["GET"]}}],"collection":[{"href":"https:\/\/www.evearly.news\/fr\/wp-json\/wp\/v2\/posts"}],"about":[{"href":"https:\/\/www.evearly.news\/fr\/wp-json\/wp\/v2\/types\/post"}],"author":[{"embeddable":true,"href":"https:\/\/www.evearly.news\/fr\/wp-json\/wp\/v2\/users\/8"}],"replies":[{"embeddable":true,"href":"https:\/\/www.evearly.news\/fr\/wp-json\/wp\/v2\/comments?post=279718"}],"version-history":[{"count":0,"href":"https:\/\/www.evearly.news\/fr\/wp-json\/wp\/v2\/posts\/279718\/revisions"}],"wp:featuredmedia":[{"embeddable":true,"href":"https:\/\/www.evearly.news\/fr\/wp-json\/wp\/v2\/media\/279719"}],"wp:attachment":[{"href":"https:\/\/www.evearly.news\/fr\/wp-json\/wp\/v2\/media?parent=279718"}],"wp:term":[{"taxonomy":"category","embeddable":true,"href":"https:\/\/www.evearly.news\/fr\/wp-json\/wp\/v2\/categories?post=279718"},{"taxonomy":"post_tag","embeddable":true,"href":"https:\/\/www.evearly.news\/fr\/wp-json\/wp\/v2\/tags?post=279718"}],"curies":[{"name":"wp","href":"https:\/\/api.w.org\/{rel}","templated":true}]}}