{"id":279726,"date":"2024-04-26T18:22:02","date_gmt":"2024-04-26T16:22:02","guid":{"rendered":"https:\/\/www.evearly.news\/fr\/tesla-model-y-vs-renault-scenic-le-match-du-rapport-prix-autonomie-sest-il-inverse\/"},"modified":"2024-04-26T18:22:02","modified_gmt":"2024-04-26T16:22:02","slug":"tesla-model-y-vs-renault-scenic-le-match-du-rapport-prix-autonomie-sest-il-inverse","status":"publish","type":"post","link":"https:\/\/www.evearly.news\/fr\/tesla-model-y-vs-renault-scenic-le-match-du-rapport-prix-autonomie-sest-il-inverse\/","title":{"rendered":"Tesla Model Y vs Renault Scenic : le match du rapport prix\/autonomie s\u2019est-il invers\u00e9 ?"},"content":{"rendered":"<p><img loading=\"lazy\" decoding=\"async\" width=\"500\" height=\"333\" src=\"https:\/\/www.evearly.news\/fr\/wp-content\/uploads\/sites\/6\/2024\/04\/tesla-model-y-vs-renault-scenic-le-match-du-rapport-prix-autonomie-sest-il-inverse.jpg\" class=\"attachment-1200x800 size-1200x800 wp-post-image\" alt=\"\" srcset=\"https:\/\/www.evearly.news\/fr\/wp-content\/uploads\/sites\/6\/2024\/04\/tesla-model-y-vs-renault-scenic-le-match-du-rapport-prix-autonomie-sest-il-inverse.jpg 1680w, https:\/\/www.evearly.news\/fr\/wp-content\/uploads\/sites\/6\/2024\/04\/tesla-model-y-vs-renault-scenic-le-match-du-rapport-prix-autonomie-sest-il-inverse-1.jpg 1640w, https:\/\/www.evearly.news\/fr\/wp-content\/uploads\/sites\/6\/2024\/04\/tesla-model-y-vs-renault-scenic-le-match-du-rapport-prix-autonomie-sest-il-inverse-2.jpg 1024w, https:\/\/www.evearly.news\/fr\/wp-content\/uploads\/sites\/6\/2024\/04\/tesla-model-y-vs-renault-scenic-le-match-du-rapport-prix-autonomie-sest-il-inverse-3.jpg 768w, https:\/\/www.evearly.news\/fr\/wp-content\/uploads\/sites\/6\/2024\/04\/tesla-model-y-vs-renault-scenic-le-match-du-rapport-prix-autonomie-sest-il-inverse-4.jpg 1536w, https:\/\/cdn.automobile-propre.com\/uploads\/2024\/04\/tesla-modely-vs-renault-scenic-551x413.jpg 551w\" sizes=\"auto, (max-width: 1067px) 100vw, 1067px\" \/><br \/>\nLe Tesla Model Y est maintenant disponible dans une nouvelle version qui permet d\u2019avoir 600 km d\u2019autonomie, pour 42 990 \u20ac bonus d\u00e9duit. Un rapport prix\/autonomie qui en fait le mod\u00e8le le plus int\u00e9ressant de la gamme Tesla. De quoi, \u00e0 premi\u00e8re vue, faire de l\u2019ombre au nouveau Renault Scenic qui vient tout juste d\u2019arriver en concession.\u00a0<a href=\"https:\/\/www.automobile-propre.com\/tesla-model-y-vs-renault-scenic-le-match-du-rapport-prix-autonomie-sest-il-inverse\/\" target='bwindow' rel=\"noopener\">Lire la suite&#8230;<\/a><\/p>\n","protected":false},"excerpt":{"rendered":"<p>&#8230; <a class=\"continue-reading-link\" href=\"https:\/\/www.evearly.news\/fr\/tesla-model-y-vs-renault-scenic-le-match-du-rapport-prix-autonomie-sest-il-inverse\/\"><\/a><\/p>\n","protected":false},"author":8,"featured_media":279727,"comment_status":"closed","ping_status":"open","sticky":false,"template":"Default","format":"standard","meta":{"footnotes":""},"categories":[8],"tags":[],"class_list":["post-279726","post","type-post","status-publish","format-standard","has-post-thumbnail","hentry","category-automobile-propre"],"_links":{"self":[{"href":"https:\/\/www.evearly.news\/fr\/wp-json\/wp\/v2\/posts\/279726","targetHints":{"allow":["GET"]}}],"collection":[{"href":"https:\/\/www.evearly.news\/fr\/wp-json\/wp\/v2\/posts"}],"about":[{"href":"https:\/\/www.evearly.news\/fr\/wp-json\/wp\/v2\/types\/post"}],"author":[{"embeddable":true,"href":"https:\/\/www.evearly.news\/fr\/wp-json\/wp\/v2\/users\/8"}],"replies":[{"embeddable":true,"href":"https:\/\/www.evearly.news\/fr\/wp-json\/wp\/v2\/comments?post=279726"}],"version-history":[{"count":0,"href":"https:\/\/www.evearly.news\/fr\/wp-json\/wp\/v2\/posts\/279726\/revisions"}],"wp:featuredmedia":[{"embeddable":true,"href":"https:\/\/www.evearly.news\/fr\/wp-json\/wp\/v2\/media\/279727"}],"wp:attachment":[{"href":"https:\/\/www.evearly.news\/fr\/wp-json\/wp\/v2\/media?parent=279726"}],"wp:term":[{"taxonomy":"category","embeddable":true,"href":"https:\/\/www.evearly.news\/fr\/wp-json\/wp\/v2\/categories?post=279726"},{"taxonomy":"post_tag","embeddable":true,"href":"https:\/\/www.evearly.news\/fr\/wp-json\/wp\/v2\/tags?post=279726"}],"curies":[{"name":"wp","href":"https:\/\/api.w.org\/{rel}","templated":true}]}}