{"id":279740,"date":"2024-04-27T08:51:30","date_gmt":"2024-04-27T06:51:30","guid":{"rendered":"https:\/\/www.evearly.news\/fr\/essai-porsche-macan-electrique-un-rival-du-tesla-model-y-pour-le-double-du-prix\/"},"modified":"2024-04-27T08:51:30","modified_gmt":"2024-04-27T06:51:30","slug":"essai-porsche-macan-electrique-un-rival-du-tesla-model-y-pour-le-double-du-prix","status":"publish","type":"post","link":"https:\/\/www.evearly.news\/fr\/essai-porsche-macan-electrique-un-rival-du-tesla-model-y-pour-le-double-du-prix\/","title":{"rendered":"Essai \u2013 Porsche Macan \u00e9lectrique : un rival du Tesla Model Y pour le double du prix !"},"content":{"rendered":"<p><img decoding=\"async\" width=\"500\" height=\"333\" src=\"https:\/\/www.evearly.news\/fr\/wp-content\/uploads\/sites\/6\/2024\/04\/essai-porsche-macan-electrique-un-rival-du-tesla-model-y-pour-le-double-du-prix.png\" class=\"attachment-1200x800 size-1200x800 wp-post-image\" alt=\"\" loading=\"lazy\" srcset=\"https:\/\/www.evearly.news\/fr\/wp-content\/uploads\/sites\/6\/2024\/04\/essai-porsche-macan-electrique-un-rival-du-tesla-model-y-pour-le-double-du-prix.png 1680w, https:\/\/www.evearly.news\/fr\/wp-content\/uploads\/sites\/6\/2024\/04\/essai-porsche-macan-electrique-un-rival-du-tesla-model-y-pour-le-double-du-prix-1.png 1640w, https:\/\/www.evearly.news\/fr\/wp-content\/uploads\/sites\/6\/2024\/04\/essai-porsche-macan-electrique-un-rival-du-tesla-model-y-pour-le-double-du-prix-2.png 1024w, https:\/\/www.evearly.news\/fr\/wp-content\/uploads\/sites\/6\/2024\/04\/essai-porsche-macan-electrique-un-rival-du-tesla-model-y-pour-le-double-du-prix-3.png 768w, https:\/\/www.evearly.news\/fr\/wp-content\/uploads\/sites\/6\/2024\/04\/essai-porsche-macan-electrique-un-rival-du-tesla-model-y-pour-le-double-du-prix-4.png 1536w, https:\/\/cdn.automobile-propre.com\/uploads\/2024\/04\/Essai-Porsche-Macan-electrique-2024-551x413.png 551w\" sizes=\"auto, (max-width: 1067px) 100vw, 1067px\" \/><br \/>\nDix ans apr\u00e8s son lancement, le SUV familial compact Macan de Porsche est renouvel\u00e9 dans une deuxi\u00e8me g\u00e9n\u00e9ration strictement \u00e9lectrique.\u2026\u00a0<a href=\"https:\/\/www.automobile-propre.com\/essai-porsche-macan-electrique-un-rival-du-tesla-model-y-pour-le-double-du-prix\/\" target='bwindow' rel=\"noopener\">Lire la suite&#8230;<\/a><\/p>\n","protected":false},"excerpt":{"rendered":"<p>&#8230; <a class=\"continue-reading-link\" href=\"https:\/\/www.evearly.news\/fr\/essai-porsche-macan-electrique-un-rival-du-tesla-model-y-pour-le-double-du-prix\/\"><\/a><\/p>\n","protected":false},"author":8,"featured_media":279741,"comment_status":"closed","ping_status":"open","sticky":false,"template":"Default","format":"standard","meta":{"footnotes":""},"categories":[8],"tags":[],"class_list":["post-279740","post","type-post","status-publish","format-standard","has-post-thumbnail","hentry","category-automobile-propre"],"_links":{"self":[{"href":"https:\/\/www.evearly.news\/fr\/wp-json\/wp\/v2\/posts\/279740","targetHints":{"allow":["GET"]}}],"collection":[{"href":"https:\/\/www.evearly.news\/fr\/wp-json\/wp\/v2\/posts"}],"about":[{"href":"https:\/\/www.evearly.news\/fr\/wp-json\/wp\/v2\/types\/post"}],"author":[{"embeddable":true,"href":"https:\/\/www.evearly.news\/fr\/wp-json\/wp\/v2\/users\/8"}],"replies":[{"embeddable":true,"href":"https:\/\/www.evearly.news\/fr\/wp-json\/wp\/v2\/comments?post=279740"}],"version-history":[{"count":0,"href":"https:\/\/www.evearly.news\/fr\/wp-json\/wp\/v2\/posts\/279740\/revisions"}],"wp:featuredmedia":[{"embeddable":true,"href":"https:\/\/www.evearly.news\/fr\/wp-json\/wp\/v2\/media\/279741"}],"wp:attachment":[{"href":"https:\/\/www.evearly.news\/fr\/wp-json\/wp\/v2\/media?parent=279740"}],"wp:term":[{"taxonomy":"category","embeddable":true,"href":"https:\/\/www.evearly.news\/fr\/wp-json\/wp\/v2\/categories?post=279740"},{"taxonomy":"post_tag","embeddable":true,"href":"https:\/\/www.evearly.news\/fr\/wp-json\/wp\/v2\/tags?post=279740"}],"curies":[{"name":"wp","href":"https:\/\/api.w.org\/{rel}","templated":true}]}}