{"id":279742,"date":"2024-04-27T09:50:04","date_gmt":"2024-04-27T07:50:04","guid":{"rendered":"https:\/\/www.evearly.news\/fr\/mini-devoile-laceman-un-petit-suv-electrique\/"},"modified":"2024-04-27T09:50:04","modified_gmt":"2024-04-27T07:50:04","slug":"mini-devoile-laceman-un-petit-suv-electrique","status":"publish","type":"post","link":"https:\/\/www.evearly.news\/fr\/mini-devoile-laceman-un-petit-suv-electrique\/","title":{"rendered":"Mini d\u00e9voile l\u2019Aceman, un petit SUV \u00e9lectrique"},"content":{"rendered":"<p><img width=\"1000\" height=\"563\" src=\"https:\/\/www.evearly.news\/fr\/wp-content\/uploads\/sites\/6\/2024\/04\/mini-devoile-laceman-un-petit-suv-electrique.jpg\" class=\"attachment-post-thumbnail size-post-thumbnail wp-post-image\" alt=\"Mini Aceman SUV \u00e9lectrique\" decoding=\"async\" fetchpriority=\"high\" srcset=\"https:\/\/www.evearly.news\/fr\/wp-content\/uploads\/sites\/6\/2024\/04\/mini-devoile-laceman-un-petit-suv-electrique.jpg 1000w, https:\/\/www.evearly.news\/fr\/wp-content\/uploads\/sites\/6\/2024\/04\/mini-devoile-laceman-un-petit-suv-electrique-1.jpg 300w, https:\/\/www.evearly.news\/fr\/wp-content\/uploads\/sites\/6\/2024\/04\/mini-devoile-laceman-un-petit-suv-electrique-2.jpg 998w, https:\/\/www.avem.fr\/wp-content\/uploads\/2024\/04\/Mini-Aceman-Une-768x432.jpg 768w\" sizes=\"(max-width: 1000px) 100vw, 1000px\" \/>Deux ans apr\u00e8s le concept-car, Mini vient de d\u00e9voiler la version de s\u00e9rie de l\u2019Aceman. Un petit SUV (4,07m) que Mini propose uniquement en version 100% \u00e9lectrique, en offrant toutefois deux choix de motorisation. Ce crossover se distingue par son style minimaliste qui refl\u00e8te n\u00e9anmoins un caract\u00e8re affirm\u00e9. Fid\u00e8le \u00e0 [\u2026] <a href=\"https:\/\/www.avem.fr\/2024\/04\/27\/mini-devoile-laceman-un-petit-suv-electrique\/\" target=\"blank\" rel=\"noopener\">Lire la suite&#8230;<\/a><\/p>\n","protected":false},"excerpt":{"rendered":"<p><img loading=\"lazy\" decoding=\"async\" width=\"1000\" height=\"563\" src=\"https:\/\/www.evearly.news\/fr\/wp-content\/uploads\/sites\/6\/2024\/04\/mini-devoile-laceman-un-petit-suv-electrique.jpg\" class=\"attachment-post-thumbnail size-post-thumbnail wp-post-image\" alt=\"Mini Aceman SUV \u00e9lectrique\" \/>Deux ans apr\u00e8s le concept-car, Mini vient de d\u00e9voiler la version de s\u00e9rie de l\u2019Aceman. Un petit SUV (4,07m) que Mini propose uniquement en version 100% \u00e9lectrique, en offrant toutefois deux choix de motorisation. Ce crossover se distingue par son style minimaliste qui refl\u00e8te n\u00e9anmoins un caract\u00e8re affirm\u00e9. Fid\u00e8le \u00e0 [\u2026] <a class=\"continue-reading-link\" href=\"https:\/\/www.evearly.news\/fr\/mini-devoile-laceman-un-petit-suv-electrique\/\"><\/a><\/p>\n","protected":false},"author":3,"featured_media":279743,"comment_status":"closed","ping_status":"open","sticky":false,"template":"Default","format":"standard","meta":{"footnotes":""},"categories":[3],"tags":[],"class_list":["post-279742","post","type-post","status-publish","format-standard","has-post-thumbnail","hentry","category-avem"],"_links":{"self":[{"href":"https:\/\/www.evearly.news\/fr\/wp-json\/wp\/v2\/posts\/279742","targetHints":{"allow":["GET"]}}],"collection":[{"href":"https:\/\/www.evearly.news\/fr\/wp-json\/wp\/v2\/posts"}],"about":[{"href":"https:\/\/www.evearly.news\/fr\/wp-json\/wp\/v2\/types\/post"}],"author":[{"embeddable":true,"href":"https:\/\/www.evearly.news\/fr\/wp-json\/wp\/v2\/users\/3"}],"replies":[{"embeddable":true,"href":"https:\/\/www.evearly.news\/fr\/wp-json\/wp\/v2\/comments?post=279742"}],"version-history":[{"count":0,"href":"https:\/\/www.evearly.news\/fr\/wp-json\/wp\/v2\/posts\/279742\/revisions"}],"wp:featuredmedia":[{"embeddable":true,"href":"https:\/\/www.evearly.news\/fr\/wp-json\/wp\/v2\/media\/279743"}],"wp:attachment":[{"href":"https:\/\/www.evearly.news\/fr\/wp-json\/wp\/v2\/media?parent=279742"}],"wp:term":[{"taxonomy":"category","embeddable":true,"href":"https:\/\/www.evearly.news\/fr\/wp-json\/wp\/v2\/categories?post=279742"},{"taxonomy":"post_tag","embeddable":true,"href":"https:\/\/www.evearly.news\/fr\/wp-json\/wp\/v2\/tags?post=279742"}],"curies":[{"name":"wp","href":"https:\/\/api.w.org\/{rel}","templated":true}]}}