{"id":280010,"date":"2024-05-02T11:57:06","date_gmt":"2024-05-02T09:57:06","guid":{"rendered":"https:\/\/www.evearly.news\/fr\/les-voitures-electriques-pourraient-etre-encore-plus-propres-grace-a-cette-nouvelle-usine-francaise-xxl\/"},"modified":"2024-05-02T11:57:06","modified_gmt":"2024-05-02T09:57:06","slug":"les-voitures-electriques-pourraient-etre-encore-plus-propres-grace-a-cette-nouvelle-usine-francaise-xxl","status":"publish","type":"post","link":"https:\/\/www.evearly.news\/fr\/les-voitures-electriques-pourraient-etre-encore-plus-propres-grace-a-cette-nouvelle-usine-francaise-xxl\/","title":{"rendered":"Les voitures \u00e9lectriques pourraient \u00eatre encore plus propres gr\u00e2ce \u00e0 cette nouvelle usine fran\u00e7aise XXL"},"content":{"rendered":"<p><img width=\"1200\" height=\"800\" src=\"https:\/\/www.evearly.news\/fr\/wp-content\/uploads\/sites\/6\/2024\/05\/les-voitures-electriques-pourraient-etre-encore-plus-propres-grace-a-cette-nouvelle-usine-francaise-xxl.jpg\" class=\"attachment-large size-large wp-post-image\" alt=\"\" decoding=\"async\" loading=\"lazy\" \/<br \/>Le groupe Bollor\u00e9 envisage tr\u00e8s s\u00e9rieusement de construire une usine de batteries pour voitures \u00e9lectriques en France. Cette derni\u00e8re devrait \u00eatre op\u00e9rationnelle d\u00e8s 2030 et sera situ\u00e9e dans l\u2019Est, pr\u00e8s de la fronti\u00e8re allemande.  <a href=\"https:\/\/www.frandroid.com\/survoltes\/voitures-electriques\/2010546_les-voitures-electriques-pourraient-etre-encore-plus-propres-grace-a-cette-nouvelle-usine-francaise-xxl\" target=\"blank\" rel=\"noopener\">Lire la suite&#8230;<\/a><\/p>\n","protected":false},"excerpt":{"rendered":"<p>&lt;img width=&quot;1200&quot; height=&quot;800&quot; src=&quot;https:\/\/www.evearly.news\/fr\/wp-content\/uploads\/sites\/6\/2024\/05\/les-voitures-electriques-pourraient-etre-encore-plus-propres-grace-a-cette-nouvelle-usine-francaise-xxl.jpg&quot; class=&quot;attachment-large size-large wp-post-image&quot; alt=&quot;&quot; decoding=&quot;async&quot; loading=&quot;lazy&quot; \/<br \/>Le groupe Bollor\u00e9 envisage tr\u00e8s s\u00e9rieusement de construire une usine de batteries pour voitures \u00e9lectriques en France. Cette derni\u00e8re devrait \u00eatre op\u00e9rationnelle d\u00e8s 2030 et sera situ\u00e9e dans l\u2019Est, pr\u00e8s de la fronti\u00e8re allemande. <\/p>\n<p> <a class=\"continue-reading-link\" href=\"https:\/\/www.evearly.news\/fr\/les-voitures-electriques-pourraient-etre-encore-plus-propres-grace-a-cette-nouvelle-usine-francaise-xxl\/\"><\/a><\/p>\n","protected":false},"author":6,"featured_media":280011,"comment_status":"closed","ping_status":"open","sticky":false,"template":"Default","format":"standard","meta":{"footnotes":""},"categories":[14],"tags":[],"class_list":["post-280010","post","type-post","status-publish","format-standard","has-post-thumbnail","hentry","category-frandroid"],"_links":{"self":[{"href":"https:\/\/www.evearly.news\/fr\/wp-json\/wp\/v2\/posts\/280010","targetHints":{"allow":["GET"]}}],"collection":[{"href":"https:\/\/www.evearly.news\/fr\/wp-json\/wp\/v2\/posts"}],"about":[{"href":"https:\/\/www.evearly.news\/fr\/wp-json\/wp\/v2\/types\/post"}],"author":[{"embeddable":true,"href":"https:\/\/www.evearly.news\/fr\/wp-json\/wp\/v2\/users\/6"}],"replies":[{"embeddable":true,"href":"https:\/\/www.evearly.news\/fr\/wp-json\/wp\/v2\/comments?post=280010"}],"version-history":[{"count":0,"href":"https:\/\/www.evearly.news\/fr\/wp-json\/wp\/v2\/posts\/280010\/revisions"}],"wp:featuredmedia":[{"embeddable":true,"href":"https:\/\/www.evearly.news\/fr\/wp-json\/wp\/v2\/media\/280011"}],"wp:attachment":[{"href":"https:\/\/www.evearly.news\/fr\/wp-json\/wp\/v2\/media?parent=280010"}],"wp:term":[{"taxonomy":"category","embeddable":true,"href":"https:\/\/www.evearly.news\/fr\/wp-json\/wp\/v2\/categories?post=280010"},{"taxonomy":"post_tag","embeddable":true,"href":"https:\/\/www.evearly.news\/fr\/wp-json\/wp\/v2\/tags?post=280010"}],"curies":[{"name":"wp","href":"https:\/\/api.w.org\/{rel}","templated":true}]}}