{"id":280012,"date":"2024-05-02T12:21:05","date_gmt":"2024-05-02T10:21:05","guid":{"rendered":"https:\/\/www.evearly.news\/fr\/bmw-le-i-cest-fini-sur-les-modeles-a-essence\/"},"modified":"2024-05-02T12:21:05","modified_gmt":"2024-05-02T10:21:05","slug":"bmw-le-i-cest-fini-sur-les-modeles-a-essence","status":"publish","type":"post","link":"https:\/\/www.evearly.news\/fr\/bmw-le-i-cest-fini-sur-les-modeles-a-essence\/","title":{"rendered":"BMW : le \u00ab i \u00bb c\u2019est fini sur les mod\u00e8les \u00e0 essence"},"content":{"rendered":"<div class=\"media_block\"><img decoding=\"async\" src=\"https:\/\/www.evearly.news\/fr\/wp-content\/uploads\/sites\/6\/2024\/05\/bmw-le-i-cest-fini-sur-les-modeles-a-essence.jpg\"><\/div>\n<p>Afin qu\u2019il n\u2019y ait plus de confusion possible dans la gamme entre les versions essence et les mod\u00e8les \u00e9lectriques, le \u00ab i \u00bb caract\u00e9risant les premi\u00e8res disparaitra purement et simplement. Malgr\u00e9 son ant\u00e9riorit\u00e9 et sa l\u00e9gitimit\u00e9. <a href=\"https:\/\/www.automobile-magazine.fr\/toute-l-actualite\/article\/42839-bmw-le-i-cest-fini-sur-les-modeles-a-essence\" target='bwindow' rel=\"noopener\">Lire la suite&#8230;<\/a><\/p>\n","protected":false},"excerpt":{"rendered":"<div class=\"media_block\"><img decoding=\"async\" src=\"https:\/\/www.evearly.news\/fr\/wp-content\/uploads\/sites\/6\/2024\/05\/bmw-le-i-cest-fini-sur-les-modeles-a-essence.jpg\"><\/div>\n<p> <a class=\"continue-reading-link\" href=\"https:\/\/www.evearly.news\/fr\/bmw-le-i-cest-fini-sur-les-modeles-a-essence\/\"><\/a><\/p>\n","protected":false},"author":7,"featured_media":280013,"comment_status":"closed","ping_status":"open","sticky":false,"template":"Default","format":"standard","meta":{"footnotes":""},"categories":[7],"tags":[],"class_list":["post-280012","post","type-post","status-publish","format-standard","has-post-thumbnail","hentry","category-automobile-magazine"],"_links":{"self":[{"href":"https:\/\/www.evearly.news\/fr\/wp-json\/wp\/v2\/posts\/280012","targetHints":{"allow":["GET"]}}],"collection":[{"href":"https:\/\/www.evearly.news\/fr\/wp-json\/wp\/v2\/posts"}],"about":[{"href":"https:\/\/www.evearly.news\/fr\/wp-json\/wp\/v2\/types\/post"}],"author":[{"embeddable":true,"href":"https:\/\/www.evearly.news\/fr\/wp-json\/wp\/v2\/users\/7"}],"replies":[{"embeddable":true,"href":"https:\/\/www.evearly.news\/fr\/wp-json\/wp\/v2\/comments?post=280012"}],"version-history":[{"count":0,"href":"https:\/\/www.evearly.news\/fr\/wp-json\/wp\/v2\/posts\/280012\/revisions"}],"wp:featuredmedia":[{"embeddable":true,"href":"https:\/\/www.evearly.news\/fr\/wp-json\/wp\/v2\/media\/280013"}],"wp:attachment":[{"href":"https:\/\/www.evearly.news\/fr\/wp-json\/wp\/v2\/media?parent=280012"}],"wp:term":[{"taxonomy":"category","embeddable":true,"href":"https:\/\/www.evearly.news\/fr\/wp-json\/wp\/v2\/categories?post=280012"},{"taxonomy":"post_tag","embeddable":true,"href":"https:\/\/www.evearly.news\/fr\/wp-json\/wp\/v2\/tags?post=280012"}],"curies":[{"name":"wp","href":"https:\/\/api.w.org\/{rel}","templated":true}]}}