{"id":280042,"date":"2024-05-02T17:51:04","date_gmt":"2024-05-02T15:51:04","guid":{"rendered":"https:\/\/www.evearly.news\/fr\/pas-assez-de-voitures-electriques-dans-les-entreprises-un-texte-important-a-lassemblee-reporte\/"},"modified":"2024-05-02T17:51:04","modified_gmt":"2024-05-02T15:51:04","slug":"pas-assez-de-voitures-electriques-dans-les-entreprises-un-texte-important-a-lassemblee-reporte","status":"publish","type":"post","link":"https:\/\/www.evearly.news\/fr\/pas-assez-de-voitures-electriques-dans-les-entreprises-un-texte-important-a-lassemblee-reporte\/","title":{"rendered":"Pas assez de voitures \u00e9lectriques dans les entreprises ? Un texte important \u00e0 l\u2019Assembl\u00e9e report\u00e9"},"content":{"rendered":"<p><img decoding=\"async\" width=\"500\" height=\"333\" src=\"https:\/\/www.evearly.news\/fr\/wp-content\/uploads\/sites\/6\/2024\/05\/pas-assez-de-voitures-electriques-dans-les-entreprises-un-texte-important-a-lassemblee-reporte.png\" class=\"attachment-1200x800 size-1200x800 wp-post-image\" alt=\"\" loading=\"lazy\" srcset=\"https:\/\/www.evearly.news\/fr\/wp-content\/uploads\/sites\/6\/2024\/05\/pas-assez-de-voitures-electriques-dans-les-entreprises-un-texte-important-a-lassemblee-reporte.png 1600w, https:\/\/www.evearly.news\/fr\/wp-content\/uploads\/sites\/6\/2024\/05\/pas-assez-de-voitures-electriques-dans-les-entreprises-un-texte-important-a-lassemblee-reporte-1.png 1024w, https:\/\/www.evearly.news\/fr\/wp-content\/uploads\/sites\/6\/2024\/05\/pas-assez-de-voitures-electriques-dans-les-entreprises-un-texte-important-a-lassemblee-reporte-2.png 768w, https:\/\/www.evearly.news\/fr\/wp-content\/uploads\/sites\/6\/2024\/05\/pas-assez-de-voitures-electriques-dans-les-entreprises-un-texte-important-a-lassemblee-reporte-3.png 1536w, https:\/\/cdn.automobile-propre.com\/uploads\/2024\/02\/Essai-Peugeot-e-3008-3-620x349.png 620w\" sizes=\"auto, (max-width: 1200px) 100vw, 1200px\" \/><br \/>\nL\u2019\u00e9tude d\u2019un texte qui doit forcer les flottes d\u2019entreprises \u00e0 int\u00e9grer plus de voitures \u00e9lectriques n\u2019a pas abouti et ne\u2026\u00a0<a href=\"https:\/\/www.automobile-propre.com\/pas-assez-de-voitures-electriques-dans-les-entreprises-un-texte-important-a-lassemblee-reporte\/\" target='bwindow' rel=\"noopener\">Lire la suite&#8230;<\/a><\/p>\n","protected":false},"excerpt":{"rendered":"<p>&#8230; <a class=\"continue-reading-link\" href=\"https:\/\/www.evearly.news\/fr\/pas-assez-de-voitures-electriques-dans-les-entreprises-un-texte-important-a-lassemblee-reporte\/\"><\/a><\/p>\n","protected":false},"author":8,"featured_media":280043,"comment_status":"closed","ping_status":"open","sticky":false,"template":"Default","format":"standard","meta":{"footnotes":""},"categories":[8],"tags":[],"class_list":["post-280042","post","type-post","status-publish","format-standard","has-post-thumbnail","hentry","category-automobile-propre"],"_links":{"self":[{"href":"https:\/\/www.evearly.news\/fr\/wp-json\/wp\/v2\/posts\/280042","targetHints":{"allow":["GET"]}}],"collection":[{"href":"https:\/\/www.evearly.news\/fr\/wp-json\/wp\/v2\/posts"}],"about":[{"href":"https:\/\/www.evearly.news\/fr\/wp-json\/wp\/v2\/types\/post"}],"author":[{"embeddable":true,"href":"https:\/\/www.evearly.news\/fr\/wp-json\/wp\/v2\/users\/8"}],"replies":[{"embeddable":true,"href":"https:\/\/www.evearly.news\/fr\/wp-json\/wp\/v2\/comments?post=280042"}],"version-history":[{"count":0,"href":"https:\/\/www.evearly.news\/fr\/wp-json\/wp\/v2\/posts\/280042\/revisions"}],"wp:featuredmedia":[{"embeddable":true,"href":"https:\/\/www.evearly.news\/fr\/wp-json\/wp\/v2\/media\/280043"}],"wp:attachment":[{"href":"https:\/\/www.evearly.news\/fr\/wp-json\/wp\/v2\/media?parent=280042"}],"wp:term":[{"taxonomy":"category","embeddable":true,"href":"https:\/\/www.evearly.news\/fr\/wp-json\/wp\/v2\/categories?post=280042"},{"taxonomy":"post_tag","embeddable":true,"href":"https:\/\/www.evearly.news\/fr\/wp-json\/wp\/v2\/tags?post=280042"}],"curies":[{"name":"wp","href":"https:\/\/api.w.org\/{rel}","templated":true}]}}