{"id":280053,"date":"2024-05-02T20:20:06","date_gmt":"2024-05-02T18:20:06","guid":{"rendered":"https:\/\/www.evearly.news\/fr\/la-kia-ev6-restylee-se-montre-deja-avant-sa-presentation\/"},"modified":"2024-05-02T20:20:06","modified_gmt":"2024-05-02T18:20:06","slug":"la-kia-ev6-restylee-se-montre-deja-avant-sa-presentation","status":"publish","type":"post","link":"https:\/\/www.evearly.news\/fr\/la-kia-ev6-restylee-se-montre-deja-avant-sa-presentation\/","title":{"rendered":"La Kia EV6 restyl\u00e9e se montre d\u00e9j\u00e0 avant sa pr\u00e9sentation"},"content":{"rendered":"<p><img decoding=\"async\" src=\"https:\/\/www.evearly.news\/fr\/wp-content\/uploads\/sites\/6\/2024\/05\/la-kia-ev6-restylee-se-montre-deja-avant-sa-presentation.webp\" alt=\"auto-moto\"><br \/>Kia prend un peu d\u2019avance sur la pr\u00e9sentation officielle de son EV6 restyl\u00e9e en d\u00e9voilant les premi\u00e8res images \u201cteaser\u201d sur ses r\u00e9seaux sociaux. Le point sur ce qu\u2019on sait d\u00e9j\u00e0 du crossover \u00e9lectrique mis \u00e0 jour. <a href=\"https:\/\/www.auto-moto.com\/electrique\/la-kia-ev6-restylee-se-montre-deja-avant-sa-presentation-34361\" target=\"blank\" rel=\"noopener\">Lire la suite&#8230;<\/a><\/p>\n","protected":false},"excerpt":{"rendered":"<p>Kia prend un peu d\u2019avance sur la pr\u00e9sentation officielle de son EV6 restyl\u00e9e en d\u00e9voilant les premi\u00e8res images \u201cteaser\u201d sur ses r\u00e9seaux sociaux. Le point sur ce qu\u2019on sait d\u00e9j\u00e0 du crossover \u00e9lectrique mis \u00e0 jour&#8230;. <a class=\"continue-reading-link\" href=\"https:\/\/www.evearly.news\/fr\/la-kia-ev6-restylee-se-montre-deja-avant-sa-presentation\/\"><\/a><\/p>\n","protected":false},"author":9,"featured_media":280054,"comment_status":"closed","ping_status":"open","sticky":false,"template":"Default","format":"standard","meta":{"footnotes":""},"categories":[10],"tags":[],"class_list":["post-280053","post","type-post","status-publish","format-standard","has-post-thumbnail","hentry","category-auto-moto-com"],"_links":{"self":[{"href":"https:\/\/www.evearly.news\/fr\/wp-json\/wp\/v2\/posts\/280053","targetHints":{"allow":["GET"]}}],"collection":[{"href":"https:\/\/www.evearly.news\/fr\/wp-json\/wp\/v2\/posts"}],"about":[{"href":"https:\/\/www.evearly.news\/fr\/wp-json\/wp\/v2\/types\/post"}],"author":[{"embeddable":true,"href":"https:\/\/www.evearly.news\/fr\/wp-json\/wp\/v2\/users\/9"}],"replies":[{"embeddable":true,"href":"https:\/\/www.evearly.news\/fr\/wp-json\/wp\/v2\/comments?post=280053"}],"version-history":[{"count":0,"href":"https:\/\/www.evearly.news\/fr\/wp-json\/wp\/v2\/posts\/280053\/revisions"}],"wp:featuredmedia":[{"embeddable":true,"href":"https:\/\/www.evearly.news\/fr\/wp-json\/wp\/v2\/media\/280054"}],"wp:attachment":[{"href":"https:\/\/www.evearly.news\/fr\/wp-json\/wp\/v2\/media?parent=280053"}],"wp:term":[{"taxonomy":"category","embeddable":true,"href":"https:\/\/www.evearly.news\/fr\/wp-json\/wp\/v2\/categories?post=280053"},{"taxonomy":"post_tag","embeddable":true,"href":"https:\/\/www.evearly.news\/fr\/wp-json\/wp\/v2\/tags?post=280053"}],"curies":[{"name":"wp","href":"https:\/\/api.w.org\/{rel}","templated":true}]}}