{"id":280167,"date":"2024-05-05T15:20:04","date_gmt":"2024-05-05T13:20:04","guid":{"rendered":"https:\/\/www.evearly.news\/fr\/alfa-romeo-junior-premier-contact-avec-le-nouveau-suv-urbain-italien\/"},"modified":"2024-05-05T15:20:04","modified_gmt":"2024-05-05T13:20:04","slug":"alfa-romeo-junior-premier-contact-avec-le-nouveau-suv-urbain-italien","status":"publish","type":"post","link":"https:\/\/www.evearly.news\/fr\/alfa-romeo-junior-premier-contact-avec-le-nouveau-suv-urbain-italien\/","title":{"rendered":"Alfa Romeo Junior : premier contact avec le nouveau SUV urbain italien"},"content":{"rendered":"<p><img decoding=\"async\" src=\"https:\/\/www.evearly.news\/fr\/wp-content\/uploads\/sites\/6\/2024\/05\/alfa-romeo-junior-premier-contact-avec-le-nouveau-suv-urbain-italien.webp\" alt=\"auto-moto\"><br \/>R\u00e9v\u00e9l\u00e9 d\u00e9but avril sous le nom de Milano, le premier SUV urbain d\u2019Alfa Romeo a depuis chang\u00e9 de nom pour l\u2019appellation Junior sous la pression du gouvernement italien. Nous avons pu le rencontrer en studio sur son lieu de naissance, le Centro Stile de Turin, en Italie. <a href=\"https:\/\/www.auto-moto.com\/suv\/alfa-romeo-junior--premier-contact-avec-le-nouveau-suv-urbain-italien-34423\" target=\"blank\" rel=\"noopener\">Lire la suite&#8230;<\/a><\/p>\n","protected":false},"excerpt":{"rendered":"<p>R\u00e9v\u00e9l\u00e9 d\u00e9but avril sous le nom de Milano, le premier SUV urbain d\u2019Alfa Romeo a depuis chang\u00e9 de nom pour l\u2019appellation Junior sous la pression du gouvernement italien. Nous avons pu le rencontrer en studio sur son lieu de naissance, le Centro Stile de Turin, en Italie&#8230;. <a class=\"continue-reading-link\" href=\"https:\/\/www.evearly.news\/fr\/alfa-romeo-junior-premier-contact-avec-le-nouveau-suv-urbain-italien\/\"><\/a><\/p>\n","protected":false},"author":9,"featured_media":280168,"comment_status":"closed","ping_status":"open","sticky":false,"template":"Default","format":"standard","meta":{"footnotes":""},"categories":[10],"tags":[],"class_list":["post-280167","post","type-post","status-publish","format-standard","has-post-thumbnail","hentry","category-auto-moto-com"],"_links":{"self":[{"href":"https:\/\/www.evearly.news\/fr\/wp-json\/wp\/v2\/posts\/280167","targetHints":{"allow":["GET"]}}],"collection":[{"href":"https:\/\/www.evearly.news\/fr\/wp-json\/wp\/v2\/posts"}],"about":[{"href":"https:\/\/www.evearly.news\/fr\/wp-json\/wp\/v2\/types\/post"}],"author":[{"embeddable":true,"href":"https:\/\/www.evearly.news\/fr\/wp-json\/wp\/v2\/users\/9"}],"replies":[{"embeddable":true,"href":"https:\/\/www.evearly.news\/fr\/wp-json\/wp\/v2\/comments?post=280167"}],"version-history":[{"count":0,"href":"https:\/\/www.evearly.news\/fr\/wp-json\/wp\/v2\/posts\/280167\/revisions"}],"wp:featuredmedia":[{"embeddable":true,"href":"https:\/\/www.evearly.news\/fr\/wp-json\/wp\/v2\/media\/280168"}],"wp:attachment":[{"href":"https:\/\/www.evearly.news\/fr\/wp-json\/wp\/v2\/media?parent=280167"}],"wp:term":[{"taxonomy":"category","embeddable":true,"href":"https:\/\/www.evearly.news\/fr\/wp-json\/wp\/v2\/categories?post=280167"},{"taxonomy":"post_tag","embeddable":true,"href":"https:\/\/www.evearly.news\/fr\/wp-json\/wp\/v2\/tags?post=280167"}],"curies":[{"name":"wp","href":"https:\/\/api.w.org\/{rel}","templated":true}]}}