{"id":280372,"date":"2024-05-09T14:51:39","date_gmt":"2024-05-09T12:51:39","guid":{"rendered":"https:\/\/www.evearly.news\/fr\/les-projets-automobiles-dapple-ne-sont-pas-totalement-morts\/"},"modified":"2024-05-09T14:51:39","modified_gmt":"2024-05-09T12:51:39","slug":"les-projets-automobiles-dapple-ne-sont-pas-totalement-morts","status":"publish","type":"post","link":"https:\/\/www.evearly.news\/fr\/les-projets-automobiles-dapple-ne-sont-pas-totalement-morts\/","title":{"rendered":"Les projets automobiles d\u2019Apple ne sont pas totalement morts"},"content":{"rendered":"<p><img loading=\"lazy\" decoding=\"async\" width=\"500\" height=\"333\" src=\"https:\/\/www.evearly.news\/fr\/wp-content\/uploads\/sites\/6\/2024\/05\/les-projets-automobiles-dapple-ne-sont-pas-totalement-morts.jpg\" class=\"attachment-1200x800 size-1200x800 wp-post-image\" alt=\"\" srcset=\"https:\/\/www.evearly.news\/fr\/wp-content\/uploads\/sites\/6\/2024\/05\/les-projets-automobiles-dapple-ne-sont-pas-totalement-morts.jpg 2048w, https:\/\/www.evearly.news\/fr\/wp-content\/uploads\/sites\/6\/2024\/05\/les-projets-automobiles-dapple-ne-sont-pas-totalement-morts-1.jpg 1640w, https:\/\/www.evearly.news\/fr\/wp-content\/uploads\/sites\/6\/2024\/05\/les-projets-automobiles-dapple-ne-sont-pas-totalement-morts-2.jpg 1024w, https:\/\/www.evearly.news\/fr\/wp-content\/uploads\/sites\/6\/2024\/05\/les-projets-automobiles-dapple-ne-sont-pas-totalement-morts-3.jpg 768w, https:\/\/www.evearly.news\/fr\/wp-content\/uploads\/sites\/6\/2024\/05\/les-projets-automobiles-dapple-ne-sont-pas-totalement-morts-4.jpg 1536w, https:\/\/cdn.automobile-propre.com\/uploads\/2024\/03\/02_Rivian-Family-620x349.jpeg 620w\" sizes=\"auto, (max-width: 1200px) 100vw, 1200px\" \/><br \/>\nL&rsquo;abandon du projet automobile d&rsquo;Apple a \u00e9t\u00e9 l&rsquo;une des annonces majeures des derni\u00e8res semaines dans le paysage automobile. Mais Cupertino n&rsquo;a peut \u00eatre pas dit son dernier mot et un partenariat pourrait relancer le d\u00e9bat.\u00a0<a href=\"https:\/\/www.automobile-propre.com\/breves\/les-projets-automobiles-dapple-ne-sont-pas-totalement-morts\/\" target='bwindow' rel=\"noopener\">Lire la suite&#8230;<\/a><\/p>\n","protected":false},"excerpt":{"rendered":"<p>&#8230; <a class=\"continue-reading-link\" href=\"https:\/\/www.evearly.news\/fr\/les-projets-automobiles-dapple-ne-sont-pas-totalement-morts\/\"><\/a><\/p>\n","protected":false},"author":8,"featured_media":280373,"comment_status":"closed","ping_status":"open","sticky":false,"template":"Default","format":"standard","meta":{"footnotes":""},"categories":[8],"tags":[],"class_list":["post-280372","post","type-post","status-publish","format-standard","has-post-thumbnail","hentry","category-automobile-propre"],"_links":{"self":[{"href":"https:\/\/www.evearly.news\/fr\/wp-json\/wp\/v2\/posts\/280372","targetHints":{"allow":["GET"]}}],"collection":[{"href":"https:\/\/www.evearly.news\/fr\/wp-json\/wp\/v2\/posts"}],"about":[{"href":"https:\/\/www.evearly.news\/fr\/wp-json\/wp\/v2\/types\/post"}],"author":[{"embeddable":true,"href":"https:\/\/www.evearly.news\/fr\/wp-json\/wp\/v2\/users\/8"}],"replies":[{"embeddable":true,"href":"https:\/\/www.evearly.news\/fr\/wp-json\/wp\/v2\/comments?post=280372"}],"version-history":[{"count":0,"href":"https:\/\/www.evearly.news\/fr\/wp-json\/wp\/v2\/posts\/280372\/revisions"}],"wp:featuredmedia":[{"embeddable":true,"href":"https:\/\/www.evearly.news\/fr\/wp-json\/wp\/v2\/media\/280373"}],"wp:attachment":[{"href":"https:\/\/www.evearly.news\/fr\/wp-json\/wp\/v2\/media?parent=280372"}],"wp:term":[{"taxonomy":"category","embeddable":true,"href":"https:\/\/www.evearly.news\/fr\/wp-json\/wp\/v2\/categories?post=280372"},{"taxonomy":"post_tag","embeddable":true,"href":"https:\/\/www.evearly.news\/fr\/wp-json\/wp\/v2\/tags?post=280372"}],"curies":[{"name":"wp","href":"https:\/\/api.w.org\/{rel}","templated":true}]}}