{"id":280462,"date":"2024-05-11T16:21:05","date_gmt":"2024-05-11T14:21:05","guid":{"rendered":"https:\/\/www.evearly.news\/fr\/ces-deux-constructeurs-europeens-sopposent-a-des-droits-de-douane-sur-les-voitures-electriques-chinoises\/"},"modified":"2024-05-11T16:21:05","modified_gmt":"2024-05-11T14:21:05","slug":"ces-deux-constructeurs-europeens-sopposent-a-des-droits-de-douane-sur-les-voitures-electriques-chinoises","status":"publish","type":"post","link":"https:\/\/www.evearly.news\/fr\/ces-deux-constructeurs-europeens-sopposent-a-des-droits-de-douane-sur-les-voitures-electriques-chinoises\/","title":{"rendered":"Ces deux constructeurs europ\u00e9ens s\u2019opposent \u00e0 des droits de douane sur les voitures \u00e9lectriques chinoises"},"content":{"rendered":"<p><img decoding=\"async\" width=\"500\" height=\"333\" src=\"https:\/\/www.evearly.news\/fr\/wp-content\/uploads\/sites\/6\/2024\/05\/ces-deux-constructeurs-europeens-sopposent-a-des-droits-de-douane-sur-les-voitures-electriques-chinoises.jpg\" class=\"attachment-1200x800 size-1200x800 wp-post-image\" alt=\"\" loading=\"lazy\" srcset=\"https:\/\/www.evearly.news\/fr\/wp-content\/uploads\/sites\/6\/2024\/05\/ces-deux-constructeurs-europeens-sopposent-a-des-droits-de-douane-sur-les-voitures-electriques-chinoises.jpg 1536w, https:\/\/www.evearly.news\/fr\/wp-content\/uploads\/sites\/6\/2024\/05\/ces-deux-constructeurs-europeens-sopposent-a-des-droits-de-douane-sur-les-voitures-electriques-chinoises-1.jpg 1640w, https:\/\/www.evearly.news\/fr\/wp-content\/uploads\/sites\/6\/2024\/05\/ces-deux-constructeurs-europeens-sopposent-a-des-droits-de-douane-sur-les-voitures-electriques-chinoises-2.jpg 1024w, https:\/\/www.evearly.news\/fr\/wp-content\/uploads\/sites\/6\/2024\/05\/ces-deux-constructeurs-europeens-sopposent-a-des-droits-de-douane-sur-les-voitures-electriques-chinoises-3.jpg 140w, https:\/\/www.evearly.news\/fr\/wp-content\/uploads\/sites\/6\/2024\/05\/ces-deux-constructeurs-europeens-sopposent-a-des-droits-de-douane-sur-les-voitures-electriques-chinoises-4.jpg 768w, https:\/\/www.evearly.news\/fr\/wp-content\/uploads\/sites\/6\/2024\/05\/ces-deux-constructeurs-europeens-sopposent-a-des-droits-de-douane-sur-les-voitures-electriques-chinoises-5.jpg 2048w, https:\/\/www.evearly.news\/fr\/wp-content\/uploads\/sites\/6\/2024\/05\/ces-deux-constructeurs-europeens-sopposent-a-des-droits-de-douane-sur-les-voitures-electriques-chinoises-6.jpg 620w, https:\/\/www.evearly.news\/fr\/wp-content\/uploads\/sites\/6\/2024\/05\/ces-deux-constructeurs-europeens-sopposent-a-des-droits-de-douane-sur-les-voitures-electriques-chinoises-7.jpg 100w, https:\/\/www.evearly.news\/fr\/wp-content\/uploads\/sites\/6\/2024\/05\/ces-deux-constructeurs-europeens-sopposent-a-des-droits-de-douane-sur-les-voitures-electriques-chinoises-8.jpg 190w, https:\/\/cdn.automobile-propre.com\/uploads\/2024\/05\/mercedes-bmw-600x400.jpg 600w\" sizes=\"auto, (max-width: 1200px) 100vw, 1200px\" \/><br \/>\nBMW et Mercedes ont exprim\u00e9 leur d\u00e9saccord avec la strat\u00e9gie de la Commission europ\u00e9enne au sujet des voitures \u00e9lectriques chinoises.\u2026\u00a0<a href=\"https:\/\/www.automobile-propre.com\/ces-deux-constructeurs-europeens-sopposent-a-des-droits-de-douane-sur-les-voitures-electriques-chinoises\/\" target='bwindow' rel=\"noopener\">Lire la suite&#8230;<\/a><\/p>\n","protected":false},"excerpt":{"rendered":"<p>&#8230; <a class=\"continue-reading-link\" href=\"https:\/\/www.evearly.news\/fr\/ces-deux-constructeurs-europeens-sopposent-a-des-droits-de-douane-sur-les-voitures-electriques-chinoises\/\"><\/a><\/p>\n","protected":false},"author":8,"featured_media":280463,"comment_status":"closed","ping_status":"open","sticky":false,"template":"Default","format":"standard","meta":{"footnotes":""},"categories":[8],"tags":[],"class_list":["post-280462","post","type-post","status-publish","format-standard","has-post-thumbnail","hentry","category-automobile-propre"],"_links":{"self":[{"href":"https:\/\/www.evearly.news\/fr\/wp-json\/wp\/v2\/posts\/280462","targetHints":{"allow":["GET"]}}],"collection":[{"href":"https:\/\/www.evearly.news\/fr\/wp-json\/wp\/v2\/posts"}],"about":[{"href":"https:\/\/www.evearly.news\/fr\/wp-json\/wp\/v2\/types\/post"}],"author":[{"embeddable":true,"href":"https:\/\/www.evearly.news\/fr\/wp-json\/wp\/v2\/users\/8"}],"replies":[{"embeddable":true,"href":"https:\/\/www.evearly.news\/fr\/wp-json\/wp\/v2\/comments?post=280462"}],"version-history":[{"count":0,"href":"https:\/\/www.evearly.news\/fr\/wp-json\/wp\/v2\/posts\/280462\/revisions"}],"wp:featuredmedia":[{"embeddable":true,"href":"https:\/\/www.evearly.news\/fr\/wp-json\/wp\/v2\/media\/280463"}],"wp:attachment":[{"href":"https:\/\/www.evearly.news\/fr\/wp-json\/wp\/v2\/media?parent=280462"}],"wp:term":[{"taxonomy":"category","embeddable":true,"href":"https:\/\/www.evearly.news\/fr\/wp-json\/wp\/v2\/categories?post=280462"},{"taxonomy":"post_tag","embeddable":true,"href":"https:\/\/www.evearly.news\/fr\/wp-json\/wp\/v2\/tags?post=280462"}],"curies":[{"name":"wp","href":"https:\/\/api.w.org\/{rel}","templated":true}]}}