{"id":280521,"date":"2024-05-13T11:59:06","date_gmt":"2024-05-13T09:59:06","guid":{"rendered":"https:\/\/www.evearly.news\/fr\/voici-les-premieres-images-de-la-nouvelle-voiture-electrique-de-byd-le-plus-grand-concurrent-de-tesla\/"},"modified":"2024-05-13T11:59:06","modified_gmt":"2024-05-13T09:59:06","slug":"voici-les-premieres-images-de-la-nouvelle-voiture-electrique-de-byd-le-plus-grand-concurrent-de-tesla","status":"publish","type":"post","link":"https:\/\/www.evearly.news\/fr\/voici-les-premieres-images-de-la-nouvelle-voiture-electrique-de-byd-le-plus-grand-concurrent-de-tesla\/","title":{"rendered":"Voici les premi\u00e8res images de la nouvelle voiture \u00e9lectrique de BYD, le plus grand concurrent de Tesla"},"content":{"rendered":"<p><img width=\"1200\" height=\"700\" src=\"https:\/\/www.evearly.news\/fr\/wp-content\/uploads\/sites\/6\/2024\/05\/voici-les-premieres-images-de-la-nouvelle-voiture-electrique-de-byd-le-plus-grand-concurrent-de-tesla.jpg\" class=\"attachment-large size-large wp-post-image\" alt=\"\" decoding=\"async\" loading=\"lazy\" \/<br \/>Au Salon de Beijing, BYD, le plus grand concurrent de Tesla, avait pr\u00e9sent\u00e9 un all\u00e9chant concept de voiture \u00e9lectrique manifestement con\u00e7u pour l&rsquo;Europe. Les premi\u00e8res images de la version de s\u00e9rie viennent de fuiter, nous permettant de d\u00e9couvrir son style, son nom et ses premi\u00e8res caract\u00e9ristiques. Les voici. <a href=\"https:\/\/www.frandroid.com\/marques\/byd\/2018178_voici-les-premieres-images-de-la-nouvelle-voiture-electrique-de-byd-le-plus-grand-concurrent-de-tesla\" target=\"blank\" rel=\"noopener\">Lire la suite&#8230;<\/a><\/p>\n","protected":false},"excerpt":{"rendered":"<p>&lt;img width=&quot;1200&quot; height=&quot;700&quot; src=&quot;https:\/\/www.evearly.news\/fr\/wp-content\/uploads\/sites\/6\/2024\/05\/voici-les-premieres-images-de-la-nouvelle-voiture-electrique-de-byd-le-plus-grand-concurrent-de-tesla.jpg&quot; class=&quot;attachment-large size-large wp-post-image&quot; alt=&quot;&quot; decoding=&quot;async&quot; loading=&quot;lazy&quot; \/<br \/>Au Salon de Beijing, BYD, le plus grand concurrent de Tesla, avait pr\u00e9sent\u00e9 un all\u00e9chant concept de voiture \u00e9lectrique manifestement con\u00e7u pour l&rsquo;Europe. Les premi\u00e8res images de la version de s\u00e9rie viennent de fuiter, nous permettant de d\u00e9couvrir son style, son nom et ses premi\u00e8res caract\u00e9ristiques. Les voici.<\/p>\n<p> <a class=\"continue-reading-link\" href=\"https:\/\/www.evearly.news\/fr\/voici-les-premieres-images-de-la-nouvelle-voiture-electrique-de-byd-le-plus-grand-concurrent-de-tesla\/\"><\/a><\/p>\n","protected":false},"author":6,"featured_media":280522,"comment_status":"closed","ping_status":"open","sticky":false,"template":"Default","format":"standard","meta":{"footnotes":""},"categories":[14],"tags":[],"class_list":["post-280521","post","type-post","status-publish","format-standard","has-post-thumbnail","hentry","category-frandroid"],"_links":{"self":[{"href":"https:\/\/www.evearly.news\/fr\/wp-json\/wp\/v2\/posts\/280521","targetHints":{"allow":["GET"]}}],"collection":[{"href":"https:\/\/www.evearly.news\/fr\/wp-json\/wp\/v2\/posts"}],"about":[{"href":"https:\/\/www.evearly.news\/fr\/wp-json\/wp\/v2\/types\/post"}],"author":[{"embeddable":true,"href":"https:\/\/www.evearly.news\/fr\/wp-json\/wp\/v2\/users\/6"}],"replies":[{"embeddable":true,"href":"https:\/\/www.evearly.news\/fr\/wp-json\/wp\/v2\/comments?post=280521"}],"version-history":[{"count":0,"href":"https:\/\/www.evearly.news\/fr\/wp-json\/wp\/v2\/posts\/280521\/revisions"}],"wp:featuredmedia":[{"embeddable":true,"href":"https:\/\/www.evearly.news\/fr\/wp-json\/wp\/v2\/media\/280522"}],"wp:attachment":[{"href":"https:\/\/www.evearly.news\/fr\/wp-json\/wp\/v2\/media?parent=280521"}],"wp:term":[{"taxonomy":"category","embeddable":true,"href":"https:\/\/www.evearly.news\/fr\/wp-json\/wp\/v2\/categories?post=280521"},{"taxonomy":"post_tag","embeddable":true,"href":"https:\/\/www.evearly.news\/fr\/wp-json\/wp\/v2\/tags?post=280521"}],"curies":[{"name":"wp","href":"https:\/\/api.w.org\/{rel}","templated":true}]}}