{"id":280537,"date":"2024-05-13T15:54:07","date_gmt":"2024-05-13T13:54:07","guid":{"rendered":"https:\/\/www.evearly.news\/fr\/futur-citroen-c5-aircross-lelectrique-lhybride-leger-et-une-version-a-7-places-a-lapproche\/"},"modified":"2024-05-13T15:54:07","modified_gmt":"2024-05-13T13:54:07","slug":"futur-citroen-c5-aircross-lelectrique-lhybride-leger-et-une-version-a-7-places-a-lapproche","status":"publish","type":"post","link":"https:\/\/www.evearly.news\/fr\/futur-citroen-c5-aircross-lelectrique-lhybride-leger-et-une-version-a-7-places-a-lapproche\/","title":{"rendered":"Futur Citro\u00ebn C5 Aircross : l&rsquo;\u00e9lectrique, l&rsquo;hybride l\u00e9ger et une version \u00e0 7 places \u00e0 l\u2019approche"},"content":{"rendered":"<div class=\"media_block\"><img decoding=\"async\" src=\"https:\/\/www.evearly.news\/fr\/wp-content\/uploads\/sites\/6\/2024\/05\/futur-citroen-c5-aircross-lelectrique-lhybride-leger-et-une-version-a-7-places-a-lapproche.jpg\"><\/div>\n<p>Apr\u00e8s les Peugeot 3008 et 5008 et l\u2019Opel Grandland, ce sera au tour du Citro\u00ebn C5 Aircross de passer \u00e0 la seconde g\u00e9n\u00e9ration. En 2025, le SUV compact de la marque au double chevron optera lui aussi pour l\u2019\u00e9lectrique. Mais il pourrait fort bien nous r\u00e9server une surprise sous la forme d\u2019une version \u00e0 7 places. Faudra-t-il alors l&rsquo;appeler ce dernier Citro\u00ebn C7 Aircross ? <a href=\"https:\/\/www.automobile-magazine.fr\/scoops\/article\/42907-futur-citroen-c5-aircross-lelectrique-lhybride-leger-et-une-version-a-7-places-a-lapproche\" target='bwindow' rel=\"noopener\">Lire la suite&#8230;<\/a><\/p>\n","protected":false},"excerpt":{"rendered":"<div class=\"media_block\"><img decoding=\"async\" src=\"https:\/\/www.evearly.news\/fr\/wp-content\/uploads\/sites\/6\/2024\/05\/futur-citroen-c5-aircross-lelectrique-lhybride-leger-et-une-version-a-7-places-a-lapproche.jpg\"><\/div>\n<p> <a class=\"continue-reading-link\" href=\"https:\/\/www.evearly.news\/fr\/futur-citroen-c5-aircross-lelectrique-lhybride-leger-et-une-version-a-7-places-a-lapproche\/\"><\/a><\/p>\n","protected":false},"author":7,"featured_media":280538,"comment_status":"closed","ping_status":"open","sticky":false,"template":"Default","format":"standard","meta":{"footnotes":""},"categories":[7],"tags":[],"class_list":["post-280537","post","type-post","status-publish","format-standard","has-post-thumbnail","hentry","category-automobile-magazine"],"_links":{"self":[{"href":"https:\/\/www.evearly.news\/fr\/wp-json\/wp\/v2\/posts\/280537","targetHints":{"allow":["GET"]}}],"collection":[{"href":"https:\/\/www.evearly.news\/fr\/wp-json\/wp\/v2\/posts"}],"about":[{"href":"https:\/\/www.evearly.news\/fr\/wp-json\/wp\/v2\/types\/post"}],"author":[{"embeddable":true,"href":"https:\/\/www.evearly.news\/fr\/wp-json\/wp\/v2\/users\/7"}],"replies":[{"embeddable":true,"href":"https:\/\/www.evearly.news\/fr\/wp-json\/wp\/v2\/comments?post=280537"}],"version-history":[{"count":0,"href":"https:\/\/www.evearly.news\/fr\/wp-json\/wp\/v2\/posts\/280537\/revisions"}],"wp:featuredmedia":[{"embeddable":true,"href":"https:\/\/www.evearly.news\/fr\/wp-json\/wp\/v2\/media\/280538"}],"wp:attachment":[{"href":"https:\/\/www.evearly.news\/fr\/wp-json\/wp\/v2\/media?parent=280537"}],"wp:term":[{"taxonomy":"category","embeddable":true,"href":"https:\/\/www.evearly.news\/fr\/wp-json\/wp\/v2\/categories?post=280537"},{"taxonomy":"post_tag","embeddable":true,"href":"https:\/\/www.evearly.news\/fr\/wp-json\/wp\/v2\/tags?post=280537"}],"curies":[{"name":"wp","href":"https:\/\/api.w.org\/{rel}","templated":true}]}}