{"id":280567,"date":"2024-05-14T08:21:07","date_gmt":"2024-05-14T06:21:07","guid":{"rendered":"https:\/\/www.evearly.news\/fr\/ds-3-ds-4-ds-7-une-serie-speciale-saint-exupery-pour-les-electriques-et-hybrides-rechargeables\/"},"modified":"2024-05-14T08:21:07","modified_gmt":"2024-05-14T06:21:07","slug":"ds-3-ds-4-ds-7-une-serie-speciale-saint-exupery-pour-les-electriques-et-hybrides-rechargeables","status":"publish","type":"post","link":"https:\/\/www.evearly.news\/fr\/ds-3-ds-4-ds-7-une-serie-speciale-saint-exupery-pour-les-electriques-et-hybrides-rechargeables\/","title":{"rendered":"DS 3, DS 4, DS 7 : une s\u00e9rie sp\u00e9ciale Saint Exup\u00e9ry pour les \u00e9lectriques et hybrides rechargeables"},"content":{"rendered":"<p><img decoding=\"async\" width=\"500\" height=\"333\" src=\"https:\/\/www.evearly.news\/fr\/wp-content\/uploads\/sites\/6\/2024\/05\/ds-3-ds-4-ds-7-une-serie-speciale-saint-exupery-pour-les-electriques-et-hybrides-rechargeables.jpg\" class=\"attachment-1200x800 size-1200x800 wp-post-image\" alt=\"\" loading=\"lazy\" srcset=\"https:\/\/www.evearly.news\/fr\/wp-content\/uploads\/sites\/6\/2024\/05\/ds-3-ds-4-ds-7-une-serie-speciale-saint-exupery-pour-les-electriques-et-hybrides-rechargeables.jpg 1500w, https:\/\/www.evearly.news\/fr\/wp-content\/uploads\/sites\/6\/2024\/05\/ds-3-ds-4-ds-7-une-serie-speciale-saint-exupery-pour-les-electriques-et-hybrides-rechargeables-1.jpg 1024w, https:\/\/www.evearly.news\/fr\/wp-content\/uploads\/sites\/6\/2024\/05\/ds-3-ds-4-ds-7-une-serie-speciale-saint-exupery-pour-les-electriques-et-hybrides-rechargeables-2.jpg 768w, https:\/\/cdn.automobile-propre.com\/uploads\/2024\/05\/2024_ds7_adsex_0309wbonbon-664220ef184a0-551x413.jpg 551w\" sizes=\"auto, (max-width: 1067px) 100vw, 1067px\" \/><br \/>\nPour sa nouvelle Collection, DS a choisi le nom de l\u2019aviateur et \u00e9crivain Antoine de Saint Exup\u00e9ry. Cette s\u00e9rie sp\u00e9ciale\u2026\u00a0<a href=\"https:\/\/www.automobile-propre.com\/ds-3-ds-4-ds-7-une-serie-speciale-saint-exupery-pour-les-electriques-et-hybrides-rechargeables\/\" target='bwindow' rel=\"noopener\">Lire la suite&#8230;<\/a><\/p>\n","protected":false},"excerpt":{"rendered":"<p>&#8230; <a class=\"continue-reading-link\" href=\"https:\/\/www.evearly.news\/fr\/ds-3-ds-4-ds-7-une-serie-speciale-saint-exupery-pour-les-electriques-et-hybrides-rechargeables\/\"><\/a><\/p>\n","protected":false},"author":8,"featured_media":280568,"comment_status":"closed","ping_status":"open","sticky":false,"template":"Default","format":"standard","meta":{"footnotes":""},"categories":[8],"tags":[],"class_list":["post-280567","post","type-post","status-publish","format-standard","has-post-thumbnail","hentry","category-automobile-propre"],"_links":{"self":[{"href":"https:\/\/www.evearly.news\/fr\/wp-json\/wp\/v2\/posts\/280567","targetHints":{"allow":["GET"]}}],"collection":[{"href":"https:\/\/www.evearly.news\/fr\/wp-json\/wp\/v2\/posts"}],"about":[{"href":"https:\/\/www.evearly.news\/fr\/wp-json\/wp\/v2\/types\/post"}],"author":[{"embeddable":true,"href":"https:\/\/www.evearly.news\/fr\/wp-json\/wp\/v2\/users\/8"}],"replies":[{"embeddable":true,"href":"https:\/\/www.evearly.news\/fr\/wp-json\/wp\/v2\/comments?post=280567"}],"version-history":[{"count":0,"href":"https:\/\/www.evearly.news\/fr\/wp-json\/wp\/v2\/posts\/280567\/revisions"}],"wp:featuredmedia":[{"embeddable":true,"href":"https:\/\/www.evearly.news\/fr\/wp-json\/wp\/v2\/media\/280568"}],"wp:attachment":[{"href":"https:\/\/www.evearly.news\/fr\/wp-json\/wp\/v2\/media?parent=280567"}],"wp:term":[{"taxonomy":"category","embeddable":true,"href":"https:\/\/www.evearly.news\/fr\/wp-json\/wp\/v2\/categories?post=280567"},{"taxonomy":"post_tag","embeddable":true,"href":"https:\/\/www.evearly.news\/fr\/wp-json\/wp\/v2\/tags?post=280567"}],"curies":[{"name":"wp","href":"https:\/\/api.w.org\/{rel}","templated":true}]}}