{"id":280611,"date":"2024-05-14T18:20:06","date_gmt":"2024-05-14T16:20:06","guid":{"rendered":"https:\/\/www.evearly.news\/fr\/lopel-adam-bientot-de-retour-sur-la-base-de-la-nouvelle-citroen-c3\/"},"modified":"2024-05-14T18:20:06","modified_gmt":"2024-05-14T16:20:06","slug":"lopel-adam-bientot-de-retour-sur-la-base-de-la-nouvelle-citroen-c3","status":"publish","type":"post","link":"https:\/\/www.evearly.news\/fr\/lopel-adam-bientot-de-retour-sur-la-base-de-la-nouvelle-citroen-c3\/","title":{"rendered":"L\u2019Opel Adam bient\u00f4t de retour sur la base de la nouvelle Citro\u00ebn C3 ?"},"content":{"rendered":"<p><img decoding=\"async\" src=\"https:\/\/www.evearly.news\/fr\/wp-content\/uploads\/sites\/6\/2024\/05\/lopel-adam-bientot-de-retour-sur-la-base-de-la-nouvelle-citroen-c3.webp\" alt=\"auto-moto\"><br \/>Alors que le nouveau Frontera s\u2019apparente \u00e0 un C3 Aircross rebadg\u00e9, tout porte \u00e0 croire que le Blitz rebadgera prochainement la C3 pour donner vie \u00e0 un mod\u00e8le plus petit que la Corsa. <a href=\"https:\/\/www.auto-moto.com\/citadine\/l-opel-adam-bientot-de-retour-sur-la-base-de-la-nouvelle-citroen-c3--35168\" target=\"blank\" rel=\"noopener\">Lire la suite&#8230;<\/a><\/p>\n","protected":false},"excerpt":{"rendered":"<p>Alors que le nouveau Frontera s\u2019apparente \u00e0 un C3 Aircross rebadg\u00e9, tout porte \u00e0 croire que le Blitz rebadgera prochainement la C3 pour donner vie \u00e0 un mod\u00e8le plus petit que la Corsa&#8230;. <a class=\"continue-reading-link\" href=\"https:\/\/www.evearly.news\/fr\/lopel-adam-bientot-de-retour-sur-la-base-de-la-nouvelle-citroen-c3\/\"><\/a><\/p>\n","protected":false},"author":9,"featured_media":280612,"comment_status":"closed","ping_status":"open","sticky":false,"template":"Default","format":"standard","meta":{"footnotes":""},"categories":[10],"tags":[],"class_list":["post-280611","post","type-post","status-publish","format-standard","has-post-thumbnail","hentry","category-auto-moto-com"],"_links":{"self":[{"href":"https:\/\/www.evearly.news\/fr\/wp-json\/wp\/v2\/posts\/280611","targetHints":{"allow":["GET"]}}],"collection":[{"href":"https:\/\/www.evearly.news\/fr\/wp-json\/wp\/v2\/posts"}],"about":[{"href":"https:\/\/www.evearly.news\/fr\/wp-json\/wp\/v2\/types\/post"}],"author":[{"embeddable":true,"href":"https:\/\/www.evearly.news\/fr\/wp-json\/wp\/v2\/users\/9"}],"replies":[{"embeddable":true,"href":"https:\/\/www.evearly.news\/fr\/wp-json\/wp\/v2\/comments?post=280611"}],"version-history":[{"count":0,"href":"https:\/\/www.evearly.news\/fr\/wp-json\/wp\/v2\/posts\/280611\/revisions"}],"wp:featuredmedia":[{"embeddable":true,"href":"https:\/\/www.evearly.news\/fr\/wp-json\/wp\/v2\/media\/280612"}],"wp:attachment":[{"href":"https:\/\/www.evearly.news\/fr\/wp-json\/wp\/v2\/media?parent=280611"}],"wp:term":[{"taxonomy":"category","embeddable":true,"href":"https:\/\/www.evearly.news\/fr\/wp-json\/wp\/v2\/categories?post=280611"},{"taxonomy":"post_tag","embeddable":true,"href":"https:\/\/www.evearly.news\/fr\/wp-json\/wp\/v2\/tags?post=280611"}],"curies":[{"name":"wp","href":"https:\/\/api.w.org\/{rel}","templated":true}]}}