{"id":280617,"date":"2024-05-14T19:21:06","date_gmt":"2024-05-14T17:21:06","guid":{"rendered":"https:\/\/www.evearly.news\/fr\/le-rising-rc7-annonce-le-futur-suv-electrique-mg-marvel-r\/"},"modified":"2024-05-14T19:21:06","modified_gmt":"2024-05-14T17:21:06","slug":"le-rising-rc7-annonce-le-futur-suv-electrique-mg-marvel-r","status":"publish","type":"post","link":"https:\/\/www.evearly.news\/fr\/le-rising-rc7-annonce-le-futur-suv-electrique-mg-marvel-r\/","title":{"rendered":"Le Rising RC7 annonce le futur SUV \u00e9lectrique MG Marvel R"},"content":{"rendered":"<p><img loading=\"lazy\" decoding=\"async\" width=\"500\" height=\"333\" src=\"https:\/\/www.evearly.news\/fr\/wp-content\/uploads\/sites\/6\/2024\/05\/le-rising-rc7-annonce-le-futur-suv-electrique-mg-marvel-r.jpg\" class=\"attachment-1200x800 size-1200x800 wp-post-image\" alt=\"Rising RC7\" srcset=\"https:\/\/www.evearly.news\/fr\/wp-content\/uploads\/sites\/6\/2024\/05\/le-rising-rc7-annonce-le-futur-suv-electrique-mg-marvel-r.jpg 1045w, https:\/\/www.evearly.news\/fr\/wp-content\/uploads\/sites\/6\/2024\/05\/le-rising-rc7-annonce-le-futur-suv-electrique-mg-marvel-r-1.jpg 1024w, https:\/\/www.evearly.news\/fr\/wp-content\/uploads\/sites\/6\/2024\/05\/le-rising-rc7-annonce-le-futur-suv-electrique-mg-marvel-r-2.jpg 768w, https:\/\/cdn.automobile-propre.com\/uploads\/2024\/05\/Rising_RC7_01-620x344.jpg 620w\" sizes=\"auto, (max-width: 1045px) 100vw, 1045px\" \/><br \/>\nUniquement disponible en Chine, la marque Rising du groupe SAIC propose malgr\u00e9 tout ses mod\u00e8les en Europe, via MG. Le nouveau SUV \u00e9lectrique RC7 devrait ainsi venir remplacer l&rsquo;actuel MG Marvel R.\u00a0<a href=\"https:\/\/www.automobile-propre.com\/breves\/le-rising-rc7-annonce-le-futur-suv-electrique-mg-marvel-r\/\" target='bwindow' rel=\"noopener\">Lire la suite&#8230;<\/a><\/p>\n","protected":false},"excerpt":{"rendered":"<p>&#8230; <a class=\"continue-reading-link\" href=\"https:\/\/www.evearly.news\/fr\/le-rising-rc7-annonce-le-futur-suv-electrique-mg-marvel-r\/\"><\/a><\/p>\n","protected":false},"author":8,"featured_media":280618,"comment_status":"closed","ping_status":"open","sticky":false,"template":"Default","format":"standard","meta":{"footnotes":""},"categories":[8],"tags":[],"class_list":["post-280617","post","type-post","status-publish","format-standard","has-post-thumbnail","hentry","category-automobile-propre"],"_links":{"self":[{"href":"https:\/\/www.evearly.news\/fr\/wp-json\/wp\/v2\/posts\/280617","targetHints":{"allow":["GET"]}}],"collection":[{"href":"https:\/\/www.evearly.news\/fr\/wp-json\/wp\/v2\/posts"}],"about":[{"href":"https:\/\/www.evearly.news\/fr\/wp-json\/wp\/v2\/types\/post"}],"author":[{"embeddable":true,"href":"https:\/\/www.evearly.news\/fr\/wp-json\/wp\/v2\/users\/8"}],"replies":[{"embeddable":true,"href":"https:\/\/www.evearly.news\/fr\/wp-json\/wp\/v2\/comments?post=280617"}],"version-history":[{"count":0,"href":"https:\/\/www.evearly.news\/fr\/wp-json\/wp\/v2\/posts\/280617\/revisions"}],"wp:featuredmedia":[{"embeddable":true,"href":"https:\/\/www.evearly.news\/fr\/wp-json\/wp\/v2\/media\/280618"}],"wp:attachment":[{"href":"https:\/\/www.evearly.news\/fr\/wp-json\/wp\/v2\/media?parent=280617"}],"wp:term":[{"taxonomy":"category","embeddable":true,"href":"https:\/\/www.evearly.news\/fr\/wp-json\/wp\/v2\/categories?post=280617"},{"taxonomy":"post_tag","embeddable":true,"href":"https:\/\/www.evearly.news\/fr\/wp-json\/wp\/v2\/tags?post=280617"}],"curies":[{"name":"wp","href":"https:\/\/api.w.org\/{rel}","templated":true}]}}