{"id":280657,"date":"2024-05-15T12:51:06","date_gmt":"2024-05-15T10:51:06","guid":{"rendered":"https:\/\/www.evearly.news\/fr\/voiture-a-hydrogene-le-hyundai-nexo-va-avoir-droit-a-une-refonte-complete\/"},"modified":"2024-05-15T12:51:06","modified_gmt":"2024-05-15T10:51:06","slug":"voiture-a-hydrogene-le-hyundai-nexo-va-avoir-droit-a-une-refonte-complete","status":"publish","type":"post","link":"https:\/\/www.evearly.news\/fr\/voiture-a-hydrogene-le-hyundai-nexo-va-avoir-droit-a-une-refonte-complete\/","title":{"rendered":"Voiture \u00e0 hydrog\u00e8ne : le Hyundai Nexo va avoir droit \u00e0 une refonte compl\u00e8te"},"content":{"rendered":"<p><img decoding=\"async\" width=\"500\" height=\"333\" src=\"https:\/\/www.evearly.news\/fr\/wp-content\/uploads\/sites\/6\/2024\/05\/voiture-a-hydrogene-le-hyundai-nexo-va-avoir-droit-a-une-refonte-complete.jpg\" class=\"attachment-1200x800 size-1200x800 wp-post-image\" alt=\"\" loading=\"lazy\" srcset=\"https:\/\/www.evearly.news\/fr\/wp-content\/uploads\/sites\/6\/2024\/05\/voiture-a-hydrogene-le-hyundai-nexo-va-avoir-droit-a-une-refonte-complete.jpg 1200w, https:\/\/www.evearly.news\/fr\/wp-content\/uploads\/sites\/6\/2024\/05\/voiture-a-hydrogene-le-hyundai-nexo-va-avoir-droit-a-une-refonte-complete-1.jpg 140w, https:\/\/www.evearly.news\/fr\/wp-content\/uploads\/sites\/6\/2024\/05\/voiture-a-hydrogene-le-hyundai-nexo-va-avoir-droit-a-une-refonte-complete-2.jpg 730w, https:\/\/www.evearly.news\/fr\/wp-content\/uploads\/sites\/6\/2024\/05\/voiture-a-hydrogene-le-hyundai-nexo-va-avoir-droit-a-une-refonte-complete-3.jpg 768w, https:\/\/www.evearly.news\/fr\/wp-content\/uploads\/sites\/6\/2024\/05\/voiture-a-hydrogene-le-hyundai-nexo-va-avoir-droit-a-une-refonte-complete-4.jpg 1024w, https:\/\/www.evearly.news\/fr\/wp-content\/uploads\/sites\/6\/2024\/05\/voiture-a-hydrogene-le-hyundai-nexo-va-avoir-droit-a-une-refonte-complete-5.jpg 620w, https:\/\/www.evearly.news\/fr\/wp-content\/uploads\/sites\/6\/2024\/05\/voiture-a-hydrogene-le-hyundai-nexo-va-avoir-droit-a-une-refonte-complete-6.jpg 960w, https:\/\/www.evearly.news\/fr\/wp-content\/uploads\/sites\/6\/2024\/05\/voiture-a-hydrogene-le-hyundai-nexo-va-avoir-droit-a-une-refonte-complete-7.jpg 100w, https:\/\/www.evearly.news\/fr\/wp-content\/uploads\/sites\/6\/2024\/05\/voiture-a-hydrogene-le-hyundai-nexo-va-avoir-droit-a-une-refonte-complete-8.jpg 190w, https:\/\/cdn.automobile-propre.com\/uploads\/2018\/01\/hyundai-nexo-ces-02-600x400.jpg 600w\" sizes=\"auto, (max-width: 1200px) 100vw, 1200px\" \/><br \/>\nApr\u00e8s six ann\u00e9es d\u2019existence, le Hyundai Nexo va b\u00e9n\u00e9ficier d\u2019une refonte compl\u00e8te. Ce mod\u00e8le \u00e0 hydrog\u00e8ne b\u00e9n\u00e9ficiera d\u2019un nouveau design\u2026\u00a0<a href=\"https:\/\/www.automobile-propre.com\/voiture-a-hydrogene-le-hyundai-nexo-va-avoir-droit-a-une-refonte-complete\/\" target='bwindow' rel=\"noopener\">Lire la suite&#8230;<\/a><\/p>\n","protected":false},"excerpt":{"rendered":"<p>&#8230; <a class=\"continue-reading-link\" href=\"https:\/\/www.evearly.news\/fr\/voiture-a-hydrogene-le-hyundai-nexo-va-avoir-droit-a-une-refonte-complete\/\"><\/a><\/p>\n","protected":false},"author":8,"featured_media":280658,"comment_status":"closed","ping_status":"open","sticky":false,"template":"Default","format":"standard","meta":{"footnotes":""},"categories":[8],"tags":[],"class_list":["post-280657","post","type-post","status-publish","format-standard","has-post-thumbnail","hentry","category-automobile-propre"],"_links":{"self":[{"href":"https:\/\/www.evearly.news\/fr\/wp-json\/wp\/v2\/posts\/280657","targetHints":{"allow":["GET"]}}],"collection":[{"href":"https:\/\/www.evearly.news\/fr\/wp-json\/wp\/v2\/posts"}],"about":[{"href":"https:\/\/www.evearly.news\/fr\/wp-json\/wp\/v2\/types\/post"}],"author":[{"embeddable":true,"href":"https:\/\/www.evearly.news\/fr\/wp-json\/wp\/v2\/users\/8"}],"replies":[{"embeddable":true,"href":"https:\/\/www.evearly.news\/fr\/wp-json\/wp\/v2\/comments?post=280657"}],"version-history":[{"count":0,"href":"https:\/\/www.evearly.news\/fr\/wp-json\/wp\/v2\/posts\/280657\/revisions"}],"wp:featuredmedia":[{"embeddable":true,"href":"https:\/\/www.evearly.news\/fr\/wp-json\/wp\/v2\/media\/280658"}],"wp:attachment":[{"href":"https:\/\/www.evearly.news\/fr\/wp-json\/wp\/v2\/media?parent=280657"}],"wp:term":[{"taxonomy":"category","embeddable":true,"href":"https:\/\/www.evearly.news\/fr\/wp-json\/wp\/v2\/categories?post=280657"},{"taxonomy":"post_tag","embeddable":true,"href":"https:\/\/www.evearly.news\/fr\/wp-json\/wp\/v2\/tags?post=280657"}],"curies":[{"name":"wp","href":"https:\/\/api.w.org\/{rel}","templated":true}]}}