{"id":280667,"date":"2024-05-15T15:28:32","date_gmt":"2024-05-15T13:28:32","guid":{"rendered":"https:\/\/www.evearly.news\/fr\/nissan-baisse-de-4000-e-le-prix-du-ariya-electrique-face-au-renault-scenic-e-tech\/"},"modified":"2024-05-15T15:28:32","modified_gmt":"2024-05-15T13:28:32","slug":"nissan-baisse-de-4000-e-le-prix-du-ariya-electrique-face-au-renault-scenic-e-tech","status":"publish","type":"post","link":"https:\/\/www.evearly.news\/fr\/nissan-baisse-de-4000-e-le-prix-du-ariya-electrique-face-au-renault-scenic-e-tech\/","title":{"rendered":"Nissan baisse de 4000 \u20ac le prix du Ariya \u00e9lectrique face au Renault Scenic E-Tech"},"content":{"rendered":"<p><img width=\"1200\" height=\"800\" src=\"https:\/\/www.evearly.news\/fr\/wp-content\/uploads\/sites\/6\/2024\/05\/nissan-baisse-de-4000-e-le-prix-du-ariya-electrique-face-au-renault-scenic-e-tech.jpg\" class=\"attachment-large size-large wp-post-image\" alt=\"\" decoding=\"async\" loading=\"lazy\" \/<br \/>Alors que le Nissan Ariya peine \u00e0 s\u00e9duire les clients, le SUV \u00e9lectrique voit son prix baisser de 4 000 euros au mois de mai. Ainsi, la gamme d\u00e9marre d\u00e9sormais \u00e0 partir de 39\u00a0300 euros tandis que la fiche technique ne change pas. De quoi r\u00e9pondre \u00e0 l&rsquo;arriv\u00e9e du Renault Sc\u00e9nic \u00e9lectrique qui partage la m\u00eame plateforme. <a href=\"https:\/\/www.frandroid.com\/marques\/nissan\/2021872_nissan-baisse-de-4000-e-le-prix-du-ariya-electrique-face-au-renault-scenic-e-tech\" target='bwindow' rel=\"noopener\">Lire la suite&#8230;<\/a><\/p>\n","protected":false},"excerpt":{"rendered":"<p>&lt;img width=&quot;1200&quot; height=&quot;800&quot; src=&quot;https:\/\/www.evearly.news\/fr\/wp-content\/uploads\/sites\/6\/2024\/05\/nissan-baisse-de-4000-e-le-prix-du-ariya-electrique-face-au-renault-scenic-e-tech.jpg&quot; class=&quot;attachment-large size-large wp-post-image&quot; alt=&quot;&quot; decoding=&quot;async&quot; loading=&quot;lazy&quot; \/<br \/>Alors que le Nissan Ariya peine \u00e0 s\u00e9duire les clients, le SUV \u00e9lectrique voit son prix baisser de 4 000 euros au mois de mai. Ainsi, la gamme d\u00e9marre d\u00e9sormais \u00e0 partir de 39\u00a0300 euros tandis que la fiche technique ne change pas. De quoi r\u00e9pondre \u00e0 l&rsquo;arriv\u00e9e du Renault Sc\u00e9nic \u00e9lectrique qui partage la m\u00eame plateforme.<\/p>\n<p> <a class=\"continue-reading-link\" href=\"https:\/\/www.evearly.news\/fr\/nissan-baisse-de-4000-e-le-prix-du-ariya-electrique-face-au-renault-scenic-e-tech\/\"><\/a><\/p>\n","protected":false},"author":6,"featured_media":280668,"comment_status":"closed","ping_status":"open","sticky":false,"template":"Default","format":"standard","meta":{"footnotes":""},"categories":[14],"tags":[],"class_list":["post-280667","post","type-post","status-publish","format-standard","has-post-thumbnail","hentry","category-frandroid"],"_links":{"self":[{"href":"https:\/\/www.evearly.news\/fr\/wp-json\/wp\/v2\/posts\/280667","targetHints":{"allow":["GET"]}}],"collection":[{"href":"https:\/\/www.evearly.news\/fr\/wp-json\/wp\/v2\/posts"}],"about":[{"href":"https:\/\/www.evearly.news\/fr\/wp-json\/wp\/v2\/types\/post"}],"author":[{"embeddable":true,"href":"https:\/\/www.evearly.news\/fr\/wp-json\/wp\/v2\/users\/6"}],"replies":[{"embeddable":true,"href":"https:\/\/www.evearly.news\/fr\/wp-json\/wp\/v2\/comments?post=280667"}],"version-history":[{"count":0,"href":"https:\/\/www.evearly.news\/fr\/wp-json\/wp\/v2\/posts\/280667\/revisions"}],"wp:featuredmedia":[{"embeddable":true,"href":"https:\/\/www.evearly.news\/fr\/wp-json\/wp\/v2\/media\/280668"}],"wp:attachment":[{"href":"https:\/\/www.evearly.news\/fr\/wp-json\/wp\/v2\/media?parent=280667"}],"wp:term":[{"taxonomy":"category","embeddable":true,"href":"https:\/\/www.evearly.news\/fr\/wp-json\/wp\/v2\/categories?post=280667"},{"taxonomy":"post_tag","embeddable":true,"href":"https:\/\/www.evearly.news\/fr\/wp-json\/wp\/v2\/tags?post=280667"}],"curies":[{"name":"wp","href":"https:\/\/api.w.org\/{rel}","templated":true}]}}