{"id":280700,"date":"2024-05-16T09:23:16","date_gmt":"2024-05-16T07:23:16","guid":{"rendered":"https:\/\/www.evearly.news\/fr\/em-power-europe-la-flexibilite-des-consommateurs-desengorge-le-reseau-electrique\/"},"modified":"2024-05-16T09:23:16","modified_gmt":"2024-05-16T07:23:16","slug":"em-power-europe-la-flexibilite-des-consommateurs-desengorge-le-reseau-electrique","status":"publish","type":"post","link":"https:\/\/www.evearly.news\/fr\/em-power-europe-la-flexibilite-des-consommateurs-desengorge-le-reseau-electrique\/","title":{"rendered":"EM-Power Europe : la flexibilit\u00e9 des consommateurs d\u00e9sengorge le r\u00e9seau \u00e9lectrique"},"content":{"rendered":"<p><img decoding=\"async\" src=\"https:\/\/tecsol.blogs.com\/.a\/6a00d8341bfe5d53ef02c8d3b30d1a200b-580wi\" alt=\"Michael Villa smartEn\"><br \/>La production d\u2019\u00e9lectricit\u00e9 avec les \u00e9nergies renouvelables acc\u00e9l\u00e8re actuellement la transition \u00e9nerg\u00e9tique, mais il n\u2019est pas possible d\u2019allumer ou d\u2019\u00e9teindre le soleil ou le vent en fonction des besoins. Le syst\u00e8me \u00e9nerg\u00e9tique de demain se trouve donc confront\u00e9 \u00e0 une&#8230; <a href=\"https:\/\/feeds.feedblitz.com\/~\/896663852\/0\/tecsol~EMPower-Europe-la-flexibilit%c3%a9-des-consommateurs-d%c3%a9sengorge-le-r%c3%a9seau-%c3%a9lectrique.html\" target='bwindow' rel=\"noopener\">Lire la suite&#8230;<\/a><\/p>\n","protected":false},"excerpt":{"rendered":"<p>&#8230; <a class=\"continue-reading-link\" href=\"https:\/\/www.evearly.news\/fr\/em-power-europe-la-flexibilite-des-consommateurs-desengorge-le-reseau-electrique\/\"><\/a><\/p>\n","protected":false},"author":25,"featured_media":0,"comment_status":"closed","ping_status":"open","sticky":false,"template":"Default","format":"standard","meta":{"footnotes":""},"categories":[22],"tags":[],"class_list":["post-280700","post","type-post","status-publish","format-standard","hentry","category-tecsol"],"_links":{"self":[{"href":"https:\/\/www.evearly.news\/fr\/wp-json\/wp\/v2\/posts\/280700","targetHints":{"allow":["GET"]}}],"collection":[{"href":"https:\/\/www.evearly.news\/fr\/wp-json\/wp\/v2\/posts"}],"about":[{"href":"https:\/\/www.evearly.news\/fr\/wp-json\/wp\/v2\/types\/post"}],"author":[{"embeddable":true,"href":"https:\/\/www.evearly.news\/fr\/wp-json\/wp\/v2\/users\/25"}],"replies":[{"embeddable":true,"href":"https:\/\/www.evearly.news\/fr\/wp-json\/wp\/v2\/comments?post=280700"}],"version-history":[{"count":0,"href":"https:\/\/www.evearly.news\/fr\/wp-json\/wp\/v2\/posts\/280700\/revisions"}],"wp:attachment":[{"href":"https:\/\/www.evearly.news\/fr\/wp-json\/wp\/v2\/media?parent=280700"}],"wp:term":[{"taxonomy":"category","embeddable":true,"href":"https:\/\/www.evearly.news\/fr\/wp-json\/wp\/v2\/categories?post=280700"},{"taxonomy":"post_tag","embeddable":true,"href":"https:\/\/www.evearly.news\/fr\/wp-json\/wp\/v2\/tags?post=280700"}],"curies":[{"name":"wp","href":"https:\/\/api.w.org\/{rel}","templated":true}]}}