{"id":280701,"date":"2024-05-16T09:51:06","date_gmt":"2024-05-16T07:51:06","guid":{"rendered":"https:\/\/www.evearly.news\/fr\/renault-le-rafale-inaugure-un-inedit-moteur-hybride-rechargeable-a-grosse-autonomie-electrique\/"},"modified":"2024-05-16T09:51:06","modified_gmt":"2024-05-16T07:51:06","slug":"renault-le-rafale-inaugure-un-inedit-moteur-hybride-rechargeable-a-grosse-autonomie-electrique","status":"publish","type":"post","link":"https:\/\/www.evearly.news\/fr\/renault-le-rafale-inaugure-un-inedit-moteur-hybride-rechargeable-a-grosse-autonomie-electrique\/","title":{"rendered":"Renault : le Rafale inaugure un in\u00e9dit moteur hybride rechargeable \u00e0 grosse autonomie \u00e9lectrique"},"content":{"rendered":"<p><img decoding=\"async\" width=\"500\" height=\"333\" src=\"https:\/\/www.evearly.news\/fr\/wp-content\/uploads\/sites\/6\/2024\/05\/renault-le-rafale-inaugure-un-inedit-moteur-hybride-rechargeable-a-grosse-autonomie-electrique.jpg\" class=\"attachment-1200x800 size-1200x800 wp-post-image\" alt=\"\" loading=\"lazy\" srcset=\"https:\/\/www.evearly.news\/fr\/wp-content\/uploads\/sites\/6\/2024\/05\/renault-le-rafale-inaugure-un-inedit-moteur-hybride-rechargeable-a-grosse-autonomie-electrique.jpg 1500w, https:\/\/www.evearly.news\/fr\/wp-content\/uploads\/sites\/6\/2024\/05\/renault-le-rafale-inaugure-un-inedit-moteur-hybride-rechargeable-a-grosse-autonomie-electrique-1.jpg 1024w, https:\/\/www.evearly.news\/fr\/wp-content\/uploads\/sites\/6\/2024\/05\/renault-le-rafale-inaugure-un-inedit-moteur-hybride-rechargeable-a-grosse-autonomie-electrique-2.jpg 768w, https:\/\/cdn.automobile-propre.com\/uploads\/2024\/05\/Renault-Rafale-E-Tech-4x4-300-ch-Atelier-Alpine-620x346.jpg 620w\" sizes=\"auto, (max-width: 1200px) 100vw, 1200px\" \/><br \/>\nLe grand SUV coup\u00e9 de Renault va recevoir une in\u00e9dite version 4\u00d74 hybride rechargeable de 300 ch, avec une grosse\u2026\u00a0<a href=\"https:\/\/www.automobile-propre.com\/renault-le-rafale-inaugure-un-inedit-moteur-hybride-rechargeable-a-grosse-autonomie-electrique\/\" target='bwindow' rel=\"noopener\">Lire la suite&#8230;<\/a><\/p>\n","protected":false},"excerpt":{"rendered":"<p>&#8230; <a class=\"continue-reading-link\" href=\"https:\/\/www.evearly.news\/fr\/renault-le-rafale-inaugure-un-inedit-moteur-hybride-rechargeable-a-grosse-autonomie-electrique\/\"><\/a><\/p>\n","protected":false},"author":8,"featured_media":280702,"comment_status":"closed","ping_status":"open","sticky":false,"template":"Default","format":"standard","meta":{"footnotes":""},"categories":[8],"tags":[],"class_list":["post-280701","post","type-post","status-publish","format-standard","has-post-thumbnail","hentry","category-automobile-propre"],"_links":{"self":[{"href":"https:\/\/www.evearly.news\/fr\/wp-json\/wp\/v2\/posts\/280701","targetHints":{"allow":["GET"]}}],"collection":[{"href":"https:\/\/www.evearly.news\/fr\/wp-json\/wp\/v2\/posts"}],"about":[{"href":"https:\/\/www.evearly.news\/fr\/wp-json\/wp\/v2\/types\/post"}],"author":[{"embeddable":true,"href":"https:\/\/www.evearly.news\/fr\/wp-json\/wp\/v2\/users\/8"}],"replies":[{"embeddable":true,"href":"https:\/\/www.evearly.news\/fr\/wp-json\/wp\/v2\/comments?post=280701"}],"version-history":[{"count":0,"href":"https:\/\/www.evearly.news\/fr\/wp-json\/wp\/v2\/posts\/280701\/revisions"}],"wp:featuredmedia":[{"embeddable":true,"href":"https:\/\/www.evearly.news\/fr\/wp-json\/wp\/v2\/media\/280702"}],"wp:attachment":[{"href":"https:\/\/www.evearly.news\/fr\/wp-json\/wp\/v2\/media?parent=280701"}],"wp:term":[{"taxonomy":"category","embeddable":true,"href":"https:\/\/www.evearly.news\/fr\/wp-json\/wp\/v2\/categories?post=280701"},{"taxonomy":"post_tag","embeddable":true,"href":"https:\/\/www.evearly.news\/fr\/wp-json\/wp\/v2\/tags?post=280701"}],"curies":[{"name":"wp","href":"https:\/\/api.w.org\/{rel}","templated":true}]}}