{"id":280703,"date":"2024-05-16T09:55:28","date_gmt":"2024-05-16T07:55:28","guid":{"rendered":"https:\/\/www.evearly.news\/fr\/recharge-dune-voiture-electrique-attention-ne-pas-confondre-cable-et-chargeur\/"},"modified":"2024-05-16T09:55:28","modified_gmt":"2024-05-16T07:55:28","slug":"recharge-dune-voiture-electrique-attention-ne-pas-confondre-cable-et-chargeur","status":"publish","type":"post","link":"https:\/\/www.evearly.news\/fr\/recharge-dune-voiture-electrique-attention-ne-pas-confondre-cable-et-chargeur\/","title":{"rendered":"Recharge d\u2019une voiture \u00e9lectrique : attention ne pas confondre c\u00e2ble et chargeur !"},"content":{"rendered":"<div class=\"media_block\"><img decoding=\"async\" src=\"https:\/\/www.evearly.news\/fr\/wp-content\/uploads\/sites\/6\/2024\/05\/recharge-dune-voiture-electrique-attention-ne-pas-confondre-cable-et-chargeur.jpg\"><\/div>\n<p>Bien que la voiture \u00e9lectrique se d\u00e9mocratise, les notions de recharge ne sont pas encore bien cern\u00e9es par tout le monde. On refait un petit point essentiel sur la diff\u00e9rence entre c\u00e2ble de recharge et chargeur embarqu\u00e9. <a href=\"https:\/\/www.automobile-magazine.fr\/voitures-electriques\/article\/42959-recharge-dune-voiture-electrique-attention-ne-pas-confondre-cable-et-chargeur\" target='bwindow' rel=\"noopener\">Lire la suite&#8230;<\/a><\/p>\n","protected":false},"excerpt":{"rendered":"<div class=\"media_block\"><img decoding=\"async\" src=\"https:\/\/www.evearly.news\/fr\/wp-content\/uploads\/sites\/6\/2024\/05\/recharge-dune-voiture-electrique-attention-ne-pas-confondre-cable-et-chargeur.jpg\"><\/div>\n<p> <a class=\"continue-reading-link\" href=\"https:\/\/www.evearly.news\/fr\/recharge-dune-voiture-electrique-attention-ne-pas-confondre-cable-et-chargeur\/\"><\/a><\/p>\n","protected":false},"author":7,"featured_media":280704,"comment_status":"closed","ping_status":"open","sticky":false,"template":"Default","format":"standard","meta":{"footnotes":""},"categories":[7],"tags":[],"class_list":["post-280703","post","type-post","status-publish","format-standard","has-post-thumbnail","hentry","category-automobile-magazine"],"_links":{"self":[{"href":"https:\/\/www.evearly.news\/fr\/wp-json\/wp\/v2\/posts\/280703","targetHints":{"allow":["GET"]}}],"collection":[{"href":"https:\/\/www.evearly.news\/fr\/wp-json\/wp\/v2\/posts"}],"about":[{"href":"https:\/\/www.evearly.news\/fr\/wp-json\/wp\/v2\/types\/post"}],"author":[{"embeddable":true,"href":"https:\/\/www.evearly.news\/fr\/wp-json\/wp\/v2\/users\/7"}],"replies":[{"embeddable":true,"href":"https:\/\/www.evearly.news\/fr\/wp-json\/wp\/v2\/comments?post=280703"}],"version-history":[{"count":0,"href":"https:\/\/www.evearly.news\/fr\/wp-json\/wp\/v2\/posts\/280703\/revisions"}],"wp:featuredmedia":[{"embeddable":true,"href":"https:\/\/www.evearly.news\/fr\/wp-json\/wp\/v2\/media\/280704"}],"wp:attachment":[{"href":"https:\/\/www.evearly.news\/fr\/wp-json\/wp\/v2\/media?parent=280703"}],"wp:term":[{"taxonomy":"category","embeddable":true,"href":"https:\/\/www.evearly.news\/fr\/wp-json\/wp\/v2\/categories?post=280703"},{"taxonomy":"post_tag","embeddable":true,"href":"https:\/\/www.evearly.news\/fr\/wp-json\/wp\/v2\/tags?post=280703"}],"curies":[{"name":"wp","href":"https:\/\/api.w.org\/{rel}","templated":true}]}}