{"id":280749,"date":"2024-05-16T18:28:03","date_gmt":"2024-05-16T16:28:03","guid":{"rendered":"https:\/\/www.evearly.news\/fr\/pourquoi-mercedes-arrete-soudainement-le-developpement-dune-plateforme-prometteuse-pour-voitures-electriques\/"},"modified":"2024-05-16T18:28:03","modified_gmt":"2024-05-16T16:28:03","slug":"pourquoi-mercedes-arrete-soudainement-le-developpement-dune-plateforme-prometteuse-pour-voitures-electriques","status":"publish","type":"post","link":"https:\/\/www.evearly.news\/fr\/pourquoi-mercedes-arrete-soudainement-le-developpement-dune-plateforme-prometteuse-pour-voitures-electriques\/","title":{"rendered":"Pourquoi Mercedes arr\u00eate soudainement le d\u00e9veloppement d\u2019une plateforme prometteuse pour voitures \u00e9lectriques"},"content":{"rendered":"<p><img loading=\"lazy\" width=\"1200\" height=\"675\" src=\"https:\/\/www.evearly.news\/fr\/wp-content\/uploads\/sites\/6\/2024\/05\/pourquoi-mercedes-arrete-soudainement-le-developpement-dune-plateforme-prometteuse-pour-voitures-electriques.jpg\" class=\"attachment-large size-large wp-post-image\" alt=\"\" decoding=\"async\" \/<br \/>Face \u00e0 une rentabilit\u00e9 en baisse et une baisse de la croissance des ventes de voitures \u00e9lectriques, Mercedes r\u00e9ajuste sa strat\u00e9gie et mise plut\u00f4t sur la flexibilit\u00e9. La cons\u00e9quence : l&rsquo;abandon pur et simple de sa future plateforme \u00e9lectrique vitrine. <a href=\"https:\/\/www.frandroid.com\/marques\/mercedes-benz\/2023248_pourquoi-mercedes-arrete-soudainement-le-developpement-dune-plateforme-prometteuse-pour-voitures-electriques\" target='bwindow' rel=\"noopener\">Lire la suite&#8230;<\/a><\/p>\n","protected":false},"excerpt":{"rendered":"<p>&lt;img width=&quot;1200&quot; height=&quot;675&quot; src=&quot;https:\/\/www.evearly.news\/fr\/wp-content\/uploads\/sites\/6\/2024\/05\/pourquoi-mercedes-arrete-soudainement-le-developpement-dune-plateforme-prometteuse-pour-voitures-electriques.jpg&quot; class=&quot;attachment-large size-large wp-post-image&quot; alt=&quot;&quot; decoding=&quot;async&quot; \/<br \/>Face \u00e0 une rentabilit\u00e9 en baisse et une baisse de la croissance des ventes de voitures \u00e9lectriques, Mercedes r\u00e9ajuste sa strat\u00e9gie et mise plut\u00f4t sur la flexibilit\u00e9. La cons\u00e9quence : l&rsquo;abandon pur et simple de sa future plateforme \u00e9lectrique vitrine.<\/p>\n<p> <a class=\"continue-reading-link\" href=\"https:\/\/www.evearly.news\/fr\/pourquoi-mercedes-arrete-soudainement-le-developpement-dune-plateforme-prometteuse-pour-voitures-electriques\/\"><\/a><\/p>\n","protected":false},"author":6,"featured_media":280750,"comment_status":"closed","ping_status":"open","sticky":false,"template":"Default","format":"standard","meta":{"footnotes":""},"categories":[14],"tags":[],"class_list":["post-280749","post","type-post","status-publish","format-standard","has-post-thumbnail","hentry","category-frandroid"],"_links":{"self":[{"href":"https:\/\/www.evearly.news\/fr\/wp-json\/wp\/v2\/posts\/280749","targetHints":{"allow":["GET"]}}],"collection":[{"href":"https:\/\/www.evearly.news\/fr\/wp-json\/wp\/v2\/posts"}],"about":[{"href":"https:\/\/www.evearly.news\/fr\/wp-json\/wp\/v2\/types\/post"}],"author":[{"embeddable":true,"href":"https:\/\/www.evearly.news\/fr\/wp-json\/wp\/v2\/users\/6"}],"replies":[{"embeddable":true,"href":"https:\/\/www.evearly.news\/fr\/wp-json\/wp\/v2\/comments?post=280749"}],"version-history":[{"count":0,"href":"https:\/\/www.evearly.news\/fr\/wp-json\/wp\/v2\/posts\/280749\/revisions"}],"wp:featuredmedia":[{"embeddable":true,"href":"https:\/\/www.evearly.news\/fr\/wp-json\/wp\/v2\/media\/280750"}],"wp:attachment":[{"href":"https:\/\/www.evearly.news\/fr\/wp-json\/wp\/v2\/media?parent=280749"}],"wp:term":[{"taxonomy":"category","embeddable":true,"href":"https:\/\/www.evearly.news\/fr\/wp-json\/wp\/v2\/categories?post=280749"},{"taxonomy":"post_tag","embeddable":true,"href":"https:\/\/www.evearly.news\/fr\/wp-json\/wp\/v2\/tags?post=280749"}],"curies":[{"name":"wp","href":"https:\/\/api.w.org\/{rel}","templated":true}]}}